{"id":18809,"date":"2026-01-12T08:09:35","date_gmt":"2026-01-12T08:09:35","guid":{"rendered":"http:\/\/travelami.templaza.net\/?p=18809"},"modified":"2026-03-06T11:55:59","modified_gmt":"2026-03-06T11:55:59","slug":"fatima-wo-sich-glaube-und-geschichte-in-portugal-treffen","status":"publish","type":"post","link":"https:\/\/mtp-tours.com\/de\/fatima-onde-a-fe-e-a-historia-se-encontram-em-portugal\/","title":{"rendered":"F\u00e1tima: Wo sich Glaube und Geschichte in Portugal treffen"},"content":{"rendered":"<p class=\"translation-block\"><a href=\"\/de\/tour\/fatima-die-stadt-des-glaubens\/\" target=\"_self\">F\u00e1tima<\/a> ist eines der wichtigsten religi\u00f6sen Ziele der Welt und gleichzeitig ein Ort voller Geschichte, Symbolik und Kuriosit\u00e4ten, die jeden Besucher \u00fcberraschen werden. Diese kleine Stadt im Zentrum <a href=\"\/de\/touren\/\" target=\"_self\">Portugals<\/a> zieht jedes Jahr Millionen von Pilgern und Reisenden an, die vom Glauben, der Kultur oder einfach nur vom Wunsch, eines der bemerkenswertesten Ph\u00e4nomene des 20. Jahrhunderts zu verstehen, bewegt sind.<\/p>\n\n\n\n<h2 class=\"wp-block-heading\">Geschichte: vom l\u00e4ndlichen Dorf zum weltweiten Reiseziel<\/h2>\n\n\n\n<p class=\"translation-block\">Bis zum Beginn des 20. Jahrhunderts war <a href=\"\/de\/tour\/fatima-die-stadt-des-glaubens\/\" target=\"_self\">F\u00e1tima<\/a> ein ruhiges l\u00e4ndliches Dorf, das sich haupts\u00e4chlich der Landwirtschaft und der Viehzucht widmete. Das \u00e4nderte sich 1917, als drei Kinder \u2013 L\u00facia dos Santos und ihre Cousins Francisco und Jacinta Marto \u2013 behaupteten, in Cova da Iria Erscheinungen der Jungfrau Maria gesehen zu haben.<\/p>\n\n\n\n<p class=\"translation-block\">Von diesem Moment an erlangte <a href=\"\/de\/tour\/fatima-die-stadt-des-glaubens\/\" target=\"_self\">F\u00e1tima<\/a> eine unerwartete Bedeutung und gewann schnell an religi\u00f6ser und st\u00e4dtischer Bedeutung. Heute ist das Heiligtum von <a href=\"\/de\/tour\/fatima-die-stadt-des-glaubens\/\" target=\"_self\">F\u00e1tima<\/a> eines der gr\u00f6\u00dften katholischen Pilgerzentren der Welt und ein unumg\u00e4ngliches Symbol f\u00fcr die spirituelle Identit\u00e4t <a href=\"\/de\/touren\/\" target=\"_self\">Portugals<\/a>.<\/p>\n\n\n\n<h2 class=\"wp-block-heading\"><strong>Die Wunder von <a href=\"\/de\/tour\/fatima-die-stadt-des-glaubens\/\">F\u00e1tima<\/a><\/strong><\/h2>\n\n\n\n<p>Die Erscheinungen von 1917 fanden zwischen Mai und Oktober statt, immer am 13. eines jeden Monats. Das bekannteste Ereignis ist das so genannte Sonnenwunder, das sich am 13. Oktober 1917 vor einer Menge von sch\u00e4tzungsweise 70.000 Menschen ereignete.<\/p>\n\n\n\n<p>Nach den Berichten jener Zeit \u201ctanzte\u201d die Sonne am Himmel und strahlte ungew\u00f6hnliche Lichter und Farben aus, ein Ph\u00e4nomen, das von Gl\u00e4ubigen und Nichtgl\u00e4ubigen gleicherma\u00dfen beobachtet wurde. Mehr als ein religi\u00f6ses Ph\u00e4nomen wurde es zu einem Symbol der Hoffnung, der Hingabe und der kulturellen Identit\u00e4t Portugals.<\/p>\n\n\n\n<figure class=\"wp-block-gallery has-nested-images columns-default is-cropped wp-block-gallery-1 is-layout-flex wp-block-gallery-is-layout-flex\">\n<figure class=\"wp-block-image size-large\"><img fetchpriority=\"high\" decoding=\"async\" width=\"576\" height=\"1024\" data-id=\"22190\" src=\"https:\/\/mtp-tours.com\/wp-content\/uploads\/2025\/11\/Imagem-WhatsApp-2025-10-20-as-00.17.21_344a2401-576x1024.jpg\" alt=\"\" class=\"wp-image-22190\" srcset=\"https:\/\/mtp-tours.com\/wp-content\/uploads\/2025\/11\/Imagem-WhatsApp-2025-10-20-as-00.17.21_344a2401-576x1024.jpg 576w, https:\/\/mtp-tours.com\/wp-content\/uploads\/2025\/11\/Imagem-WhatsApp-2025-10-20-as-00.17.21_344a2401-169x300.jpg 169w, https:\/\/mtp-tours.com\/wp-content\/uploads\/2025\/11\/Imagem-WhatsApp-2025-10-20-as-00.17.21_344a2401-768x1365.jpg 768w, https:\/\/mtp-tours.com\/wp-content\/uploads\/2025\/11\/Imagem-WhatsApp-2025-10-20-as-00.17.21_344a2401-864x1536.jpg 864w, https:\/\/mtp-tours.com\/wp-content\/uploads\/2025\/11\/Imagem-WhatsApp-2025-10-20-as-00.17.21_344a2401-7x12.jpg 7w, https:\/\/mtp-tours.com\/wp-content\/uploads\/2025\/11\/Imagem-WhatsApp-2025-10-20-as-00.17.21_344a2401-600x1067.jpg 600w, https:\/\/mtp-tours.com\/wp-content\/uploads\/2025\/11\/Imagem-WhatsApp-2025-10-20-as-00.17.21_344a2401.jpg 900w\" sizes=\"(max-width: 576px) 100vw, 576px\" \/><\/figure>\n\n\n\n<figure class=\"wp-block-image size-large\"><img decoding=\"async\" width=\"1024\" height=\"576\" data-id=\"22155\" src=\"https:\/\/mtp-tours.com\/wp-content\/uploads\/2025\/11\/Nossa-Senhora-de-Fatima-3-1024x576.jpg\" alt=\"\" class=\"wp-image-22155\" srcset=\"https:\/\/mtp-tours.com\/wp-content\/uploads\/2025\/11\/Nossa-Senhora-de-Fatima-3-1024x576.jpg 1024w, https:\/\/mtp-tours.com\/wp-content\/uploads\/2025\/11\/Nossa-Senhora-de-Fatima-3-300x169.jpg 300w, https:\/\/mtp-tours.com\/wp-content\/uploads\/2025\/11\/Nossa-Senhora-de-Fatima-3-768x432.jpg 768w, https:\/\/mtp-tours.com\/wp-content\/uploads\/2025\/11\/Nossa-Senhora-de-Fatima-3-1536x864.jpg 1536w, https:\/\/mtp-tours.com\/wp-content\/uploads\/2025\/11\/Nossa-Senhora-de-Fatima-3-18x10.jpg 18w, https:\/\/mtp-tours.com\/wp-content\/uploads\/2025\/11\/Nossa-Senhora-de-Fatima-3-600x338.jpg 600w, https:\/\/mtp-tours.com\/wp-content\/uploads\/2025\/11\/Nossa-Senhora-de-Fatima-3.jpg 1920w\" sizes=\"(max-width: 1024px) 100vw, 1024px\" \/><\/figure>\n\n\n\n<figure class=\"wp-block-image size-large\"><img decoding=\"async\" width=\"1024\" height=\"683\" data-id=\"22160\" src=\"https:\/\/mtp-tours.com\/wp-content\/uploads\/2025\/11\/Nossa-Senhora-de-Fatima-9-1024x683.jpg\" alt=\"\" class=\"wp-image-22160\" srcset=\"https:\/\/mtp-tours.com\/wp-content\/uploads\/2025\/11\/Nossa-Senhora-de-Fatima-9-1024x683.jpg 1024w, https:\/\/mtp-tours.com\/wp-content\/uploads\/2025\/11\/Nossa-Senhora-de-Fatima-9-300x200.jpg 300w, https:\/\/mtp-tours.com\/wp-content\/uploads\/2025\/11\/Nossa-Senhora-de-Fatima-9-768x512.jpg 768w, https:\/\/mtp-tours.com\/wp-content\/uploads\/2025\/11\/Nossa-Senhora-de-Fatima-9-1536x1024.jpg 1536w, https:\/\/mtp-tours.com\/wp-content\/uploads\/2025\/11\/Nossa-Senhora-de-Fatima-9-18x12.jpg 18w, https:\/\/mtp-tours.com\/wp-content\/uploads\/2025\/11\/Nossa-Senhora-de-Fatima-9-600x400.jpg 600w, https:\/\/mtp-tours.com\/wp-content\/uploads\/2025\/11\/Nossa-Senhora-de-Fatima-9.jpg 1920w\" sizes=\"(max-width: 1024px) 100vw, 1024px\" \/><\/figure>\n\n\n\n<figure class=\"wp-block-image size-large\"><img loading=\"lazy\" decoding=\"async\" width=\"1024\" height=\"768\" data-id=\"22210\" src=\"https:\/\/mtp-tours.com\/wp-content\/uploads\/2025\/11\/Imagem-WhatsApp-2025-10-20-as-00.17.21_b7a5ef95-1024x768.jpg\" alt=\"\" class=\"wp-image-22210\" srcset=\"https:\/\/mtp-tours.com\/wp-content\/uploads\/2025\/11\/Imagem-WhatsApp-2025-10-20-as-00.17.21_b7a5ef95-1024x768.jpg 1024w, https:\/\/mtp-tours.com\/wp-content\/uploads\/2025\/11\/Imagem-WhatsApp-2025-10-20-as-00.17.21_b7a5ef95-300x225.jpg 300w, https:\/\/mtp-tours.com\/wp-content\/uploads\/2025\/11\/Imagem-WhatsApp-2025-10-20-as-00.17.21_b7a5ef95-768x576.jpg 768w, https:\/\/mtp-tours.com\/wp-content\/uploads\/2025\/11\/Imagem-WhatsApp-2025-10-20-as-00.17.21_b7a5ef95-1536x1152.jpg 1536w, https:\/\/mtp-tours.com\/wp-content\/uploads\/2025\/11\/Imagem-WhatsApp-2025-10-20-as-00.17.21_b7a5ef95-16x12.jpg 16w, https:\/\/mtp-tours.com\/wp-content\/uploads\/2025\/11\/Imagem-WhatsApp-2025-10-20-as-00.17.21_b7a5ef95-600x450.jpg 600w, https:\/\/mtp-tours.com\/wp-content\/uploads\/2025\/11\/Imagem-WhatsApp-2025-10-20-as-00.17.21_b7a5ef95.jpg 1600w\" sizes=\"(max-width: 1024px) 100vw, 1024px\" \/><\/figure>\n\n\n\n<figure class=\"wp-block-image size-large\"><img loading=\"lazy\" decoding=\"async\" width=\"1024\" height=\"536\" data-id=\"22158\" src=\"https:\/\/mtp-tours.com\/wp-content\/uploads\/2025\/11\/Nossa-Senhora-de-Fatima-6-1024x536.jpg\" alt=\"\" class=\"wp-image-22158\" srcset=\"https:\/\/mtp-tours.com\/wp-content\/uploads\/2025\/11\/Nossa-Senhora-de-Fatima-6-1024x536.jpg 1024w, https:\/\/mtp-tours.com\/wp-content\/uploads\/2025\/11\/Nossa-Senhora-de-Fatima-6-300x157.jpg 300w, https:\/\/mtp-tours.com\/wp-content\/uploads\/2025\/11\/Nossa-Senhora-de-Fatima-6-768x402.jpg 768w, https:\/\/mtp-tours.com\/wp-content\/uploads\/2025\/11\/Nossa-Senhora-de-Fatima-6-1536x804.jpg 1536w, https:\/\/mtp-tours.com\/wp-content\/uploads\/2025\/11\/Nossa-Senhora-de-Fatima-6-18x9.jpg 18w, https:\/\/mtp-tours.com\/wp-content\/uploads\/2025\/11\/Nossa-Senhora-de-Fatima-6-600x314.jpg 600w, https:\/\/mtp-tours.com\/wp-content\/uploads\/2025\/11\/Nossa-Senhora-de-Fatima-6.jpg 1920w\" sizes=\"(max-width: 1024px) 100vw, 1024px\" \/><\/figure>\n\n\n\n<figure class=\"wp-block-image size-large\"><img loading=\"lazy\" decoding=\"async\" width=\"1024\" height=\"732\" data-id=\"22154\" src=\"https:\/\/mtp-tours.com\/wp-content\/uploads\/2025\/11\/Nossa-Senhora-de-Fatima-2-1024x732.jpg\" alt=\"\" class=\"wp-image-22154\" srcset=\"https:\/\/mtp-tours.com\/wp-content\/uploads\/2025\/11\/Nossa-Senhora-de-Fatima-2-1024x732.jpg 1024w, https:\/\/mtp-tours.com\/wp-content\/uploads\/2025\/11\/Nossa-Senhora-de-Fatima-2-300x214.jpg 300w, https:\/\/mtp-tours.com\/wp-content\/uploads\/2025\/11\/Nossa-Senhora-de-Fatima-2-768x549.jpg 768w, https:\/\/mtp-tours.com\/wp-content\/uploads\/2025\/11\/Nossa-Senhora-de-Fatima-2-1536x1097.jpg 1536w, https:\/\/mtp-tours.com\/wp-content\/uploads\/2025\/11\/Nossa-Senhora-de-Fatima-2-2048x1463.jpg 2048w, https:\/\/mtp-tours.com\/wp-content\/uploads\/2025\/11\/Nossa-Senhora-de-Fatima-2-18x12.jpg 18w, https:\/\/mtp-tours.com\/wp-content\/uploads\/2025\/11\/Nossa-Senhora-de-Fatima-2-600x429.jpg 600w\" sizes=\"(max-width: 1024px) 100vw, 1024px\" \/><\/figure>\n<\/figure>\n\n\n\n<h2 class=\"wp-block-heading\"><strong>J\u00e4hrliche Veranstaltungen in <a href=\"\/de\/tour\/fatima-die-stadt-des-glaubens\/\">F\u00e1tima<\/a><\/strong><\/h2>\n\n\n\n<p class=\"translation-block\">Die wichtigsten Ereignisse im Kalender von <a href=\"\/de\/tour\/fatima-die-stadt-des-glaubens\/\" target=\"_self\">F\u00e1tima<\/a> finden im Mai und Oktober statt, insbesondere am 12. und 13., den Tagen, an denen die erste und letzte Erscheinung stattfanden.<\/p>\n\n\n\n<p class=\"translation-block\">In diesen Zeitr\u00e4umen empf\u00e4ngt die Stadt Hunderttausende von Pilgern aus aller Welt. Die Kerzenprozessionen, die internationalen Messen und die Atmosph\u00e4re der Stille und Besinnlichkeit schaffen ein einzigartiges Erlebnis, selbst f\u00fcr diejenigen, die <a href=\"\/de\/tour\/fatima-die-stadt-des-glaubens\/\" target=\"_self\">F\u00e1tima<\/a> nur aus kulturellem oder touristischem Interesse besuchen.<\/p>\n\n\n\n<p class=\"translation-block\">Auch au\u00dferhalb der gro\u00dfen Feiertage herrscht in <a href=\"\/de\/tour\/fatima-die-stadt-des-glaubens\/\" target=\"_self\">F\u00e1tima<\/a> eine ruhige Atmosph\u00e4re, ideal f\u00fcr diejenigen, die die spirituelle und traditionelle Seite <a href=\"\/de\/touren\/\" target=\"_self\">Portugals<\/a> fernab vom Massentourismus kennenlernen m\u00f6chten.<\/p>\n\n\n\n<h2 class=\"wp-block-heading\"><strong>Kuriosit\u00e4ten \u00fcber <a href=\"\/de\/tour\/fatima-die-stadt-des-glaubens\/\">F\u00e1tima<\/a><\/strong><\/h2>\n\n\n\n<ul class=\"wp-block-list\">\n<li class=\"translation-block\">Das Heiligtum von <a href=\"\/de\/tour\/fatima-die-stadt-des-glaubens\/\" target=\"_self\">F\u00e1tima<\/a> wird von Pilgern aus \u00fcber 100 verschiedenen L\u00e4ndern besucht.<\/li>\n\n\n\n<li>Viele Gl\u00e4ubige legen Dutzende oder Hunderte von Kilometern zu Fu\u00df zur\u00fcck, als Zeichen ihres Glaubens oder ihrer Hingabe.<\/li>\n\n\n\n<li>Die Hirtenkinder Francisco und Jacinta Marto wurden 2017 heiliggesprochen und sind damit die j\u00fcngsten Nicht-M\u00e4rtyrer-Heiligen der katholischen Kirche.<\/li>\n\n\n\n<li class=\"translation-block\">Trotz seiner internationalen religi\u00f6sen Bedeutung verf\u00fcgt <a href=\"\/de\/tour\/fatima-die-stadt-des-glaubens\/\" target=\"_self\">F\u00e1tima<\/a> \u00fcber eine ausgezeichnete touristische Infrastruktur, moderne Hotels und eine vorbildliche Organisation, um gro\u00dfe Menschenmengen zu empfangen.<\/li>\n<\/ul>","protected":false},"excerpt":{"rendered":"<p>F\u00e1tima \u00e9 um dos destinos religiosos mais importantes do mundo e, ao mesmo tempo, um local cheio de hist\u00f3ria, simbolismo e curiosidades que surpreendem qualquer visitante.<\/p>","protected":false},"author":5,"featured_media":22173,"comment_status":"open","ping_status":"closed","sticky":false,"template":"","format":"standard","meta":{"footnotes":""},"categories":[230],"tags":[218],"class_list":["post-18809","post","type-post","status-publish","format-standard","has-post-thumbnail","hentry","category-fatima","tag-destino","layout-1","product-add-to-cart-ajax"],"yoast_head":"<!-- This site is optimized with the Yoast SEO plugin v27.2 - https:\/\/yoast.com\/product\/yoast-seo-wordpress\/ -->\n<title>F\u00e1tima \u2014 Onde a F\u00e9 e a Hist\u00f3ria se Encontram em Portugal | Meet the Portuguese<\/title>\n<meta name=\"description\" content=\"Guia completo de F\u00e1tima: hist\u00f3ria das apari\u00e7\u00f5es de 1917, Santu\u00e1rio, peregrina\u00e7\u00f5es e o que visitar. Tudo sobre o maior destino de f\u00e9 em Portugal.\" \/>\n<meta name=\"robots\" content=\"index, follow, max-snippet:-1, max-image-preview:large, max-video-preview:-1\" \/>\n<link rel=\"canonical\" href=\"https:\/\/mtp-tours.com\/de\/fatima-wo-sich-glaube-und-geschichte-in-portugal-treffen\/\" \/>\n<meta property=\"og:locale\" content=\"de_DE\" \/>\n<meta property=\"og:type\" content=\"article\" \/>\n<meta property=\"og:title\" content=\"F\u00e1tima \u2014 Onde a F\u00e9 e a Hist\u00f3ria se Encontram em Portugal | Meet the Portuguese\" \/>\n<meta property=\"og:description\" content=\"Guia completo de F\u00e1tima: hist\u00f3ria das apari\u00e7\u00f5es de 1917, Santu\u00e1rio, peregrina\u00e7\u00f5es e o que visitar. Tudo sobre o maior destino de f\u00e9 em Portugal.\" \/>\n<meta property=\"og:url\" content=\"https:\/\/mtp-tours.com\/de\/fatima-wo-sich-glaube-und-geschichte-in-portugal-treffen\/\" \/>\n<meta property=\"og:site_name\" content=\"Meet the Portuguese\" \/>\n<meta property=\"article:publisher\" content=\"https:\/\/www.facebook.com\/mtptours\/\" \/>\n<meta property=\"article:published_time\" content=\"2026-01-12T08:09:35+00:00\" \/>\n<meta property=\"article:modified_time\" content=\"2026-03-06T11:55:59+00:00\" \/>\n<meta property=\"og:image\" content=\"https:\/\/mtp-tours.com\/wp-content\/uploads\/2025\/11\/Imagem-WhatsApp-2025-10-20-as-00.17.21_5b105bed.jpg\" \/>\n\t<meta property=\"og:image:width\" content=\"1600\" \/>\n\t<meta property=\"og:image:height\" content=\"1200\" \/>\n\t<meta property=\"og:image:type\" content=\"image\/jpeg\" \/>\n<meta name=\"author\" content=\"Nuno Ferreira\" \/>\n<meta name=\"twitter:card\" content=\"summary_large_image\" \/>\n<meta name=\"twitter:label1\" content=\"Verfasst von\" \/>\n\t<meta name=\"twitter:data1\" content=\"Nuno Ferreira\" \/>\n\t<meta name=\"twitter:label2\" content=\"Gesch\u00e4tzte Lesezeit\" \/>\n\t<meta name=\"twitter:data2\" content=\"4\u00a0Minuten\" \/>\n<script type=\"application\/ld+json\" class=\"yoast-schema-graph\">{\"@context\":\"https:\/\/schema.org\",\"@graph\":[{\"@type\":\"Article\",\"@id\":\"https:\/\/mtp-tours.com\/fatima-onde-a-fe-e-a-historia-se-encontram-em-portugal\/#article\",\"isPartOf\":{\"@id\":\"https:\/\/mtp-tours.com\/fatima-onde-a-fe-e-a-historia-se-encontram-em-portugal\/\"},\"author\":{\"name\":\"Nuno Ferreira\",\"@id\":\"https:\/\/mtp-tours.com\/#\/schema\/person\/1618d5054a26a048bf1c54a47e93e8f3\"},\"headline\":\"F\u00e1tima: Onde a F\u00e9 e a Hist\u00f3ria se encontram em Portugal\",\"datePublished\":\"2026-01-12T08:09:35+00:00\",\"dateModified\":\"2026-03-06T11:55:59+00:00\",\"mainEntityOfPage\":{\"@id\":\"https:\/\/mtp-tours.com\/fatima-onde-a-fe-e-a-historia-se-encontram-em-portugal\/\"},\"wordCount\":483,\"commentCount\":0,\"publisher\":{\"@id\":\"https:\/\/mtp-tours.com\/#organization\"},\"image\":{\"@id\":\"https:\/\/mtp-tours.com\/fatima-onde-a-fe-e-a-historia-se-encontram-em-portugal\/#primaryimage\"},\"thumbnailUrl\":\"https:\/\/mtp-tours.com\/wp-content\/uploads\/2025\/11\/Imagem-WhatsApp-2025-10-20-as-00.17.21_5b105bed.jpg\",\"keywords\":[\"destino\"],\"articleSection\":[\"F\u00e1tima\"],\"inLanguage\":\"de\",\"potentialAction\":[{\"@type\":\"CommentAction\",\"name\":\"Comment\",\"target\":[\"https:\/\/mtp-tours.com\/fatima-onde-a-fe-e-a-historia-se-encontram-em-portugal\/#respond\"]}]},{\"@type\":\"WebPage\",\"@id\":\"https:\/\/mtp-tours.com\/fatima-onde-a-fe-e-a-historia-se-encontram-em-portugal\/\",\"url\":\"https:\/\/mtp-tours.com\/fatima-onde-a-fe-e-a-historia-se-encontram-em-portugal\/\",\"name\":\"F\u00e1tima \u2014 Onde a F\u00e9 e a Hist\u00f3ria se Encontram em Portugal | Meet the Portuguese\",\"isPartOf\":{\"@id\":\"https:\/\/mtp-tours.com\/#website\"},\"primaryImageOfPage\":{\"@id\":\"https:\/\/mtp-tours.com\/fatima-onde-a-fe-e-a-historia-se-encontram-em-portugal\/#primaryimage\"},\"image\":{\"@id\":\"https:\/\/mtp-tours.com\/fatima-onde-a-fe-e-a-historia-se-encontram-em-portugal\/#primaryimage\"},\"thumbnailUrl\":\"https:\/\/mtp-tours.com\/wp-content\/uploads\/2025\/11\/Imagem-WhatsApp-2025-10-20-as-00.17.21_5b105bed.jpg\",\"datePublished\":\"2026-01-12T08:09:35+00:00\",\"dateModified\":\"2026-03-06T11:55:59+00:00\",\"description\":\"Guia completo de F\u00e1tima: hist\u00f3ria das apari\u00e7\u00f5es de 1917, Santu\u00e1rio, peregrina\u00e7\u00f5es e o que visitar. Tudo sobre o maior destino de f\u00e9 em Portugal.\",\"breadcrumb\":{\"@id\":\"https:\/\/mtp-tours.com\/fatima-onde-a-fe-e-a-historia-se-encontram-em-portugal\/#breadcrumb\"},\"inLanguage\":\"de\",\"potentialAction\":[{\"@type\":\"ReadAction\",\"target\":[\"https:\/\/mtp-tours.com\/fatima-onde-a-fe-e-a-historia-se-encontram-em-portugal\/\"]}]},{\"@type\":\"ImageObject\",\"inLanguage\":\"de\",\"@id\":\"https:\/\/mtp-tours.com\/fatima-onde-a-fe-e-a-historia-se-encontram-em-portugal\/#primaryimage\",\"url\":\"https:\/\/mtp-tours.com\/wp-content\/uploads\/2025\/11\/Imagem-WhatsApp-2025-10-20-as-00.17.21_5b105bed.jpg\",\"contentUrl\":\"https:\/\/mtp-tours.com\/wp-content\/uploads\/2025\/11\/Imagem-WhatsApp-2025-10-20-as-00.17.21_5b105bed.jpg\",\"width\":1600,\"height\":1200},{\"@type\":\"BreadcrumbList\",\"@id\":\"https:\/\/mtp-tours.com\/fatima-onde-a-fe-e-a-historia-se-encontram-em-portugal\/#breadcrumb\",\"itemListElement\":[{\"@type\":\"ListItem\",\"position\":1,\"name\":\"In\u00edcio\",\"item\":\"https:\/\/mtp-tours.com\/\"},{\"@type\":\"ListItem\",\"position\":2,\"name\":\"F\u00e1tima: Onde a F\u00e9 e a Hist\u00f3ria se encontram em Portugal\"}]},{\"@type\":\"WebSite\",\"@id\":\"https:\/\/mtp-tours.com\/#website\",\"url\":\"https:\/\/mtp-tours.com\/\",\"name\":\"Meet the Portuguese\",\"description\":\"Descubra o Portugal aut\u00eantico com guias locais. Tours privados em Lisboa, Sintra, Alentejo, Arr\u00e1bida e mais. Experi\u00eancias \u00fanicas de cultura e gastronomia.\",\"publisher\":{\"@id\":\"https:\/\/mtp-tours.com\/#organization\"},\"potentialAction\":[{\"@type\":\"SearchAction\",\"target\":{\"@type\":\"EntryPoint\",\"urlTemplate\":\"https:\/\/mtp-tours.com\/?s={search_term_string}\"},\"query-input\":{\"@type\":\"PropertyValueSpecification\",\"valueRequired\":true,\"valueName\":\"search_term_string\"}}],\"inLanguage\":\"de\"},{\"@type\":\"Organization\",\"@id\":\"https:\/\/mtp-tours.com\/#organization\",\"name\":\"Meet the Portuguese\",\"url\":\"https:\/\/mtp-tours.com\/\",\"logo\":{\"@type\":\"ImageObject\",\"inLanguage\":\"de\",\"@id\":\"https:\/\/mtp-tours.com\/#\/schema\/logo\/image\/\",\"url\":\"https:\/\/mtp-tours.com\/wp-content\/uploads\/2025\/11\/logo.png\",\"contentUrl\":\"https:\/\/mtp-tours.com\/wp-content\/uploads\/2025\/11\/logo.png\",\"width\":600,\"height\":238,\"caption\":\"Meet the Portuguese\"},\"image\":{\"@id\":\"https:\/\/mtp-tours.com\/#\/schema\/logo\/image\/\"},\"sameAs\":[\"https:\/\/www.facebook.com\/mtptours\/\",\"https:\/\/www.instagram.com\/mtptours\",\"https:\/\/www.youtube.com\/@MeetthePortuguese\",\"https:\/\/www.tiktok.com\/@mtptours\",\"https:\/\/www.linkedin.com\/company\/mtp-tours\/\"]},{\"@type\":\"Person\",\"@id\":\"https:\/\/mtp-tours.com\/#\/schema\/person\/1618d5054a26a048bf1c54a47e93e8f3\",\"name\":\"Nuno Ferreira\",\"image\":{\"@type\":\"ImageObject\",\"inLanguage\":\"de\",\"@id\":\"https:\/\/secure.gravatar.com\/avatar\/f967cab7e7664828e469077c2bd8664e1f8e9bf4bb43a9c8958acdc5cdb970a0?s=96&d=mm&r=g\",\"url\":\"https:\/\/secure.gravatar.com\/avatar\/f967cab7e7664828e469077c2bd8664e1f8e9bf4bb43a9c8958acdc5cdb970a0?s=96&d=mm&r=g\",\"contentUrl\":\"https:\/\/secure.gravatar.com\/avatar\/f967cab7e7664828e469077c2bd8664e1f8e9bf4bb43a9c8958acdc5cdb970a0?s=96&d=mm&r=g\",\"caption\":\"Nuno Ferreira\"}}]}<\/script>\n<!-- \/ Yoast SEO plugin. -->","yoast_head_json":{"title":"F\u00e1tima \u2014 Wo sich Glaube und Geschichte in Portugal treffen | Meet the Portuguese","description":"Kompletter F\u00e1tima-Reisef\u00fchrer: Geschichte der Erscheinungen von 1917, Heiligtum, Wallfahrten und Sehensw\u00fcrdigkeiten. Portugals gr\u00f6\u00dftes Glaubensziel.","robots":{"index":"index","follow":"follow","max-snippet":"max-snippet:-1","max-image-preview":"max-image-preview:large","max-video-preview":"max-video-preview:-1"},"canonical":"https:\/\/mtp-tours.com\/de\/fatima-wo-sich-glaube-und-geschichte-in-portugal-treffen\/","og_locale":"de_DE","og_type":"article","og_title":"F\u00e1tima \u2014 Onde a F\u00e9 e a Hist\u00f3ria se Encontram em Portugal | Meet the Portuguese","og_description":"Guia completo de F\u00e1tima: hist\u00f3ria das apari\u00e7\u00f5es de 1917, Santu\u00e1rio, peregrina\u00e7\u00f5es e o que visitar. Tudo sobre o maior destino de f\u00e9 em Portugal.","og_url":"https:\/\/mtp-tours.com\/de\/fatima-wo-sich-glaube-und-geschichte-in-portugal-treffen\/","og_site_name":"Meet the Portuguese","article_publisher":"https:\/\/www.facebook.com\/mtptours\/","article_published_time":"2026-01-12T08:09:35+00:00","article_modified_time":"2026-03-06T11:55:59+00:00","og_image":[{"width":1600,"height":1200,"url":"https:\/\/mtp-tours.com\/wp-content\/uploads\/2025\/11\/Imagem-WhatsApp-2025-10-20-as-00.17.21_5b105bed.jpg","type":"image\/jpeg"}],"author":"Nuno Ferreira","twitter_card":"summary_large_image","twitter_misc":{"Verfasst von":"Nuno Ferreira","Gesch\u00e4tzte Lesezeit":"4\u00a0Minuten"},"schema":{"@context":"https:\/\/schema.org","@graph":[{"@type":"Article","@id":"https:\/\/mtp-tours.com\/fatima-onde-a-fe-e-a-historia-se-encontram-em-portugal\/#article","isPartOf":{"@id":"https:\/\/mtp-tours.com\/fatima-onde-a-fe-e-a-historia-se-encontram-em-portugal\/"},"author":{"name":"Nuno Ferreira","@id":"https:\/\/mtp-tours.com\/#\/schema\/person\/1618d5054a26a048bf1c54a47e93e8f3"},"headline":"F\u00e1tima: Onde a F\u00e9 e a Hist\u00f3ria se encontram em Portugal","datePublished":"2026-01-12T08:09:35+00:00","dateModified":"2026-03-06T11:55:59+00:00","mainEntityOfPage":{"@id":"https:\/\/mtp-tours.com\/fatima-onde-a-fe-e-a-historia-se-encontram-em-portugal\/"},"wordCount":483,"commentCount":0,"publisher":{"@id":"https:\/\/mtp-tours.com\/#organization"},"image":{"@id":"https:\/\/mtp-tours.com\/fatima-onde-a-fe-e-a-historia-se-encontram-em-portugal\/#primaryimage"},"thumbnailUrl":"https:\/\/mtp-tours.com\/wp-content\/uploads\/2025\/11\/Imagem-WhatsApp-2025-10-20-as-00.17.21_5b105bed.jpg","keywords":["destino"],"articleSection":["F\u00e1tima"],"inLanguage":"de","potentialAction":[{"@type":"CommentAction","name":"Comment","target":["https:\/\/mtp-tours.com\/fatima-onde-a-fe-e-a-historia-se-encontram-em-portugal\/#respond"]}]},{"@type":"WebPage","@id":"https:\/\/mtp-tours.com\/fatima-onde-a-fe-e-a-historia-se-encontram-em-portugal\/","url":"https:\/\/mtp-tours.com\/fatima-onde-a-fe-e-a-historia-se-encontram-em-portugal\/","name":"F\u00e1tima \u2014 Wo sich Glaube und Geschichte in Portugal treffen | Meet the Portuguese","isPartOf":{"@id":"https:\/\/mtp-tours.com\/#website"},"primaryImageOfPage":{"@id":"https:\/\/mtp-tours.com\/fatima-onde-a-fe-e-a-historia-se-encontram-em-portugal\/#primaryimage"},"image":{"@id":"https:\/\/mtp-tours.com\/fatima-onde-a-fe-e-a-historia-se-encontram-em-portugal\/#primaryimage"},"thumbnailUrl":"https:\/\/mtp-tours.com\/wp-content\/uploads\/2025\/11\/Imagem-WhatsApp-2025-10-20-as-00.17.21_5b105bed.jpg","datePublished":"2026-01-12T08:09:35+00:00","dateModified":"2026-03-06T11:55:59+00:00","description":"Kompletter F\u00e1tima-Reisef\u00fchrer: Geschichte der Erscheinungen von 1917, Heiligtum, Wallfahrten und Sehensw\u00fcrdigkeiten. Portugals gr\u00f6\u00dftes Glaubensziel.","breadcrumb":{"@id":"https:\/\/mtp-tours.com\/fatima-onde-a-fe-e-a-historia-se-encontram-em-portugal\/#breadcrumb"},"inLanguage":"de","potentialAction":[{"@type":"ReadAction","target":["https:\/\/mtp-tours.com\/fatima-onde-a-fe-e-a-historia-se-encontram-em-portugal\/"]}]},{"@type":"ImageObject","inLanguage":"de","@id":"https:\/\/mtp-tours.com\/fatima-onde-a-fe-e-a-historia-se-encontram-em-portugal\/#primaryimage","url":"https:\/\/mtp-tours.com\/wp-content\/uploads\/2025\/11\/Imagem-WhatsApp-2025-10-20-as-00.17.21_5b105bed.jpg","contentUrl":"https:\/\/mtp-tours.com\/wp-content\/uploads\/2025\/11\/Imagem-WhatsApp-2025-10-20-as-00.17.21_5b105bed.jpg","width":1600,"height":1200},{"@type":"BreadcrumbList","@id":"https:\/\/mtp-tours.com\/fatima-onde-a-fe-e-a-historia-se-encontram-em-portugal\/#breadcrumb","itemListElement":[{"@type":"ListItem","position":1,"name":"In\u00edcio","item":"https:\/\/mtp-tours.com\/"},{"@type":"ListItem","position":2,"name":"F\u00e1tima: Onde a F\u00e9 e a Hist\u00f3ria se encontram em Portugal"}]},{"@type":"WebSite","@id":"https:\/\/mtp-tours.com\/#website","url":"https:\/\/mtp-tours.com\/","name":"Meet the Portuguese","description":"Entdecken Sie das authentische Portugal mit lokalen Guides. Private Touren in Lissabon, Sintra, Alentejo, Arr\u00e1bida und mehr. Einzigartige Kultur-und Genusserlebnisse.","publisher":{"@id":"https:\/\/mtp-tours.com\/#organization"},"potentialAction":[{"@type":"SearchAction","target":{"@type":"EntryPoint","urlTemplate":"https:\/\/mtp-tours.com\/?s={search_term_string}"},"query-input":{"@type":"PropertyValueSpecification","valueRequired":true,"valueName":"search_term_string"}}],"inLanguage":"de"},{"@type":"Organization","@id":"https:\/\/mtp-tours.com\/#organization","name":"Meet the Portuguese","url":"https:\/\/mtp-tours.com\/","logo":{"@type":"ImageObject","inLanguage":"de","@id":"https:\/\/mtp-tours.com\/#\/schema\/logo\/image\/","url":"https:\/\/mtp-tours.com\/wp-content\/uploads\/2025\/11\/logo.png","contentUrl":"https:\/\/mtp-tours.com\/wp-content\/uploads\/2025\/11\/logo.png","width":600,"height":238,"caption":"Meet the Portuguese"},"image":{"@id":"https:\/\/mtp-tours.com\/#\/schema\/logo\/image\/"},"sameAs":["https:\/\/www.facebook.com\/mtptours\/","https:\/\/www.instagram.com\/mtptours","https:\/\/www.youtube.com\/@MeetthePortuguese","https:\/\/www.tiktok.com\/@mtptours","https:\/\/www.linkedin.com\/company\/mtp-tours\/"]},{"@type":"Person","@id":"https:\/\/mtp-tours.com\/#\/schema\/person\/1618d5054a26a048bf1c54a47e93e8f3","name":"Nuno Ferreira","image":{"@type":"ImageObject","inLanguage":"de","@id":"https:\/\/secure.gravatar.com\/avatar\/f967cab7e7664828e469077c2bd8664e1f8e9bf4bb43a9c8958acdc5cdb970a0?s=96&d=mm&r=g","url":"https:\/\/secure.gravatar.com\/avatar\/f967cab7e7664828e469077c2bd8664e1f8e9bf4bb43a9c8958acdc5cdb970a0?s=96&d=mm&r=g","contentUrl":"https:\/\/secure.gravatar.com\/avatar\/f967cab7e7664828e469077c2bd8664e1f8e9bf4bb43a9c8958acdc5cdb970a0?s=96&d=mm&r=g","caption":"Nuno Ferreira"}}]}},"_links":{"self":[{"href":"https:\/\/mtp-tours.com\/de\/wp-json\/wp\/v2\/posts\/18809","targetHints":{"allow":["GET"]}}],"collection":[{"href":"https:\/\/mtp-tours.com\/de\/wp-json\/wp\/v2\/posts"}],"about":[{"href":"https:\/\/mtp-tours.com\/de\/wp-json\/wp\/v2\/types\/post"}],"author":[{"embeddable":true,"href":"https:\/\/mtp-tours.com\/de\/wp-json\/wp\/v2\/users\/5"}],"replies":[{"embeddable":true,"href":"https:\/\/mtp-tours.com\/de\/wp-json\/wp\/v2\/comments?post=18809"}],"version-history":[{"count":5,"href":"https:\/\/mtp-tours.com\/de\/wp-json\/wp\/v2\/posts\/18809\/revisions"}],"predecessor-version":[{"id":23509,"href":"https:\/\/mtp-tours.com\/de\/wp-json\/wp\/v2\/posts\/18809\/revisions\/23509"}],"wp:featuredmedia":[{"embeddable":true,"href":"https:\/\/mtp-tours.com\/de\/wp-json\/wp\/v2\/media\/22173"}],"wp:attachment":[{"href":"https:\/\/mtp-tours.com\/de\/wp-json\/wp\/v2\/media?parent=18809"}],"wp:term":[{"taxonomy":"category","embeddable":true,"href":"https:\/\/mtp-tours.com\/de\/wp-json\/wp\/v2\/categories?post=18809"},{"taxonomy":"post_tag","embeddable":true,"href":"https:\/\/mtp-tours.com\/de\/wp-json\/wp\/v2\/tags?post=18809"}],"curies":[{"name":"wp","href":"https:\/\/api.w.org\/{rel}","templated":true}]}}