{"id":23312,"date":"2026-01-23T19:03:40","date_gmt":"2026-01-23T19:03:40","guid":{"rendered":"https:\/\/mtp-tours.com\/?p=23312"},"modified":"2026-03-06T11:55:59","modified_gmt":"2026-03-06T11:55:59","slug":"alentejo-zeit-stoppt-in-der-seele-von-portugal","status":"publish","type":"post","link":"https:\/\/mtp-tours.com\/de\/alentejo-o-tempo-para-na-alma-de-portugal\/","title":{"rendered":"Alentejo: Die Zeit steht still in der Seele Portugals"},"content":{"rendered":"<p class=\"translation-block\"><a href=\"\/de\/tour\/alentejo-tradition-geschichte-aroma\/\" target=\"_self\">Alentejo<\/a> ist das Gegenteil von Eile. Sie beeindruckt nicht auf den ersten Blick und erkl\u00e4rt sich auch nicht nach einem halben Dutzend Fotos. Es ist eine Region, die Zeit, Aufmerksamkeit und Pr\u00e4senz erfordert. Hier verlangsamt sich das Tempo ganz nat\u00fcrlich und das Erlebnis beginnt in dem Moment, in dem man den Tajo \u00fcberquert und sich der Horizont \u00f6ffnet.<\/p>\n\n\n\n<p>Es ist ein weites, stilles Portugal, tief verbunden mit dem Land. Ein Ort, an dem Entfernungen eher nach Zeit als nach Kilometern gemessen werden und wo das langsame Leben kein Trend ist - es ist einfach so, wie es schon immer war.<\/p>\n\n\n\n<h2 class=\"wp-block-heading\">Die heilsame Landschaft<\/h2>\n\n\n\n<p class=\"translation-block\"><a href=\"\/de\/tour\/alentejo-tradition-geschichte-aroma\/\" target=\"_self\">Alentejo<\/a> beeindruckt nicht durch seine dramatische Gr\u00f6\u00dfe. Sie beeindruckt durch ihre ruhige Weite, die Art und Weise, wie sich die Landschaft ausdehnt, so weit das Auge reicht, nur unterbrochen von einem traditionellen H\u00fcgel hier, einem Weingut dort, einer Schafherde, die in der Ferne weidet. Es ist eine Landschaft, die Entschleunigung verlangt, die sich nicht in Eile verzehren l\u00e4sst, die ihre Sch\u00f6nheit nur demjenigen offenbart, der bereit ist, sie zu betrachten.<\/p>\n\n\n\n<p>Die Weizenfelder wiegen sich im Wind wie ein goldenes Meer. Die Korkeichenw\u00e4lder - wo der Kork herkommt, der die Region weltber\u00fchmt gemacht hat - schaffen gem\u00fctliche Schatten, wo das Vieh an hei\u00dfen Sommernachmittagen Zuflucht sucht. Und wenn die Sonne untergeht, verwandelt das Licht alles in goldene und bernsteinfarbene T\u00f6ne, die kein Foto wirklich einfangen kann.<\/p>\n\n\n\n<figure class=\"wp-block-gallery has-nested-images columns-default is-cropped wp-block-gallery-1 is-layout-flex wp-block-gallery-is-layout-flex\">\n<figure class=\"wp-block-image size-large\"><img fetchpriority=\"high\" decoding=\"async\" width=\"1024\" height=\"683\" data-id=\"21890\" src=\"https:\/\/mtp-tours.com\/wp-content\/uploads\/2025\/11\/Montado-apanha-Cortica-1024x683.jpg\" alt=\"\" class=\"wp-image-21890\" srcset=\"https:\/\/mtp-tours.com\/wp-content\/uploads\/2025\/11\/Montado-apanha-Cortica-1024x683.jpg 1024w, https:\/\/mtp-tours.com\/wp-content\/uploads\/2025\/11\/Montado-apanha-Cortica-300x200.jpg 300w, https:\/\/mtp-tours.com\/wp-content\/uploads\/2025\/11\/Montado-apanha-Cortica-768x512.jpg 768w, https:\/\/mtp-tours.com\/wp-content\/uploads\/2025\/11\/Montado-apanha-Cortica-18x12.jpg 18w, https:\/\/mtp-tours.com\/wp-content\/uploads\/2025\/11\/Montado-apanha-Cortica-600x400.jpg 600w, https:\/\/mtp-tours.com\/wp-content\/uploads\/2025\/11\/Montado-apanha-Cortica.jpg 1200w\" sizes=\"(max-width: 1024px) 100vw, 1024px\" \/><\/figure>\n\n\n\n<figure class=\"wp-block-image size-large\"><img decoding=\"async\" width=\"1024\" height=\"683\" data-id=\"21892\" src=\"https:\/\/mtp-tours.com\/wp-content\/uploads\/2025\/11\/Oliveira-1024x683.jpg\" alt=\"\" class=\"wp-image-21892\" srcset=\"https:\/\/mtp-tours.com\/wp-content\/uploads\/2025\/11\/Oliveira-1024x683.jpg 1024w, https:\/\/mtp-tours.com\/wp-content\/uploads\/2025\/11\/Oliveira-300x200.jpg 300w, https:\/\/mtp-tours.com\/wp-content\/uploads\/2025\/11\/Oliveira-768x512.jpg 768w, https:\/\/mtp-tours.com\/wp-content\/uploads\/2025\/11\/Oliveira-1536x1024.jpg 1536w, https:\/\/mtp-tours.com\/wp-content\/uploads\/2025\/11\/Oliveira-2048x1365.jpg 2048w, https:\/\/mtp-tours.com\/wp-content\/uploads\/2025\/11\/Oliveira-18x12.jpg 18w, https:\/\/mtp-tours.com\/wp-content\/uploads\/2025\/11\/Oliveira-600x400.jpg 600w\" sizes=\"(max-width: 1024px) 100vw, 1024px\" \/><\/figure>\n\n\n\n<figure class=\"wp-block-image size-large\"><img decoding=\"async\" width=\"1024\" height=\"898\" data-id=\"21869\" src=\"https:\/\/mtp-tours.com\/wp-content\/uploads\/2025\/11\/Alentejo-4-1024x898.jpeg\" alt=\"\" class=\"wp-image-21869\" srcset=\"https:\/\/mtp-tours.com\/wp-content\/uploads\/2025\/11\/Alentejo-4-1024x898.jpeg 1024w, https:\/\/mtp-tours.com\/wp-content\/uploads\/2025\/11\/Alentejo-4-300x263.jpeg 300w, https:\/\/mtp-tours.com\/wp-content\/uploads\/2025\/11\/Alentejo-4-768x674.jpeg 768w, https:\/\/mtp-tours.com\/wp-content\/uploads\/2025\/11\/Alentejo-4-14x12.jpeg 14w, https:\/\/mtp-tours.com\/wp-content\/uploads\/2025\/11\/Alentejo-4-600x526.jpeg 600w, https:\/\/mtp-tours.com\/wp-content\/uploads\/2025\/11\/Alentejo-4.jpeg 1500w\" sizes=\"(max-width: 1024px) 100vw, 1024px\" \/><\/figure>\n<\/figure>\n\n\n\n<h2 class=\"wp-block-heading\">Gastronomie: Gro\u00dfz\u00fcgigkeit bei Tisch<\/h2>\n\n\n\n<p class=\"translation-block\">Im <a href=\"\/de\/tour\/alentejo-tradition-geschichte-aroma\/\" target=\"_self\">Alentejo<\/a> bedeutet Essen Teilen. Die Gastronomie entspringt dem Land, der Notwendigkeit und dem im Laufe der Zeit angesammelten Wissen. Nichts ist \u00fcbertrieben, aber alles wird mit Bedacht zubereitet. Die Rezepte werden von Gro\u00dfm\u00fcttern an Enkel weitergegeben und wie Familiensch\u00e4tze geh\u00fctet.<\/p>\n\n\n\n<p class=\"translation-block\">Die A\u00e7ordas und Migas, die aus der Notwendigkeit entstanden sind, kein Brot zu verschwenden, sind zu Gerichten geworden, die absoluten Komfort bieten. Das schwarze Schwein aus dem Alentejo, das in Freiheit in den Bergen aufgezogen wird, bietet ein Fleisch von unvergleichlichem Geschmack. Die perfekt gereiften K\u00e4sesorten aus Serpa und <a href=\"\/de\/tour\/evora-geschichte-und-genusse\/\" target=\"_self\">\u00c9vora<\/a> brauchen nur einen Tropfen Honig und ein Glas Wein aus der Region, um zu Delikatessen zu werden.<\/p>\n\n\n\n<p class=\"translation-block\">Apropos Wein: Der <a href=\"\/de\/tour\/alentejo-tradition-geschichte-aroma\/\" target=\"_self\">Alentejo<\/a> hat sich als eine der gro\u00dfen Weinregionen <a href=\"\/de\/touren\/\" target=\"_self\">Portugals<\/a> etabliert. Von gro\u00dfen Weing\u00fctern bis hin zu kleinen Familienbetrieben gibt es Weine f\u00fcr jeden Geschmack \u2013 vollmundige Rotweine, die von hei\u00dfen Sommern erz\u00e4hlen, frische Wei\u00dfweine, die durch ihre Eleganz \u00fcberraschen, und den traditionellen Wein, der seit zweitausend Jahren hergestellt wird.<\/p>\n\n\n\n<blockquote class=\"wp-block-quote has-background is-layout-flow wp-block-quote-is-layout-flow\" style=\"background-color:#effbff\">\n<p><em>\u201cHier werden die Mahlzeiten nicht gehetzt. Sie sind Momente der Geselligkeit, des Gespr\u00e4chs und des Innehaltens - genau wie alles andere auch.\u201d<\/em><\/p>\n<\/blockquote>\n\n\n\n<h2 class=\"wp-block-heading\">D\u00f6rfer, die Geschichten erz\u00e4hlen<\/h2>\n\n\n\n<p class=\"translation-block\">Die D\u00f6rfer des Alentejo sind lebende Postkarten eines <a href=\"\/de\/touren\/\" target=\"_self\">Portugals<\/a>, das sich der Hektik der Moderne widersetzt. <a href=\"\/de\/tour\/evora-geschichte-und-genusse\/\" target=\"_self\">\u00c9vora, Weltkulturerbe der UNESCO<\/a>, beherbergt einen r\u00f6mischen Tempel, eine mittelalterliche Kathedrale und eine Geschichte, die Jahrtausende zur\u00fcckreicht. Monsaraz, auf einem H\u00fcgel \u00fcber dem Alqueva thronend, scheint mit seinen intakten Stadtmauern und unbefestigten Stra\u00dfen im Mittelalter stehen geblieben zu sein.<\/p>\n\n\n\n<p class=\"translation-block\">Die D\u00f6rfer des Alentejo bewahren eine starke und unverwechselbare Identit\u00e4t. Enge Gassen, wei\u00dfe H\u00e4user, Burgen auf den h\u00f6chsten Punkten und eine klare Verbindung zur Vergangenheit. Marv\u00e3o, <a href=\"\/de\/tour\/alentejo-tradition-geschichte-aroma\/\" target=\"_self\">Estremoz<\/a>, Vila Vi\u00e7osa, <a href=\"\/de\/tour\/alentejo-tradition-geschichte-aroma\/\" target=\"_self\">Arraiolos<\/a> \u2013 jedes Dorf hat seinen eigenen Charakter, sein Handwerk, seine gastronomischen Spezialit\u00e4ten, seine Geschichte, die es zu erz\u00e4hlen hat. Und in allen findet man die gleiche herzliche Gastfreundschaft, die gleiche echte Freude, Besucher von au\u00dferhalb willkommen zu hei\u00dfen.<\/p>\n\n\n\n<figure class=\"wp-block-gallery has-nested-images columns-default is-cropped wp-block-gallery-2 is-layout-flex wp-block-gallery-is-layout-flex\">\n<figure class=\"wp-block-image size-large\"><img loading=\"lazy\" decoding=\"async\" width=\"552\" height=\"1024\" data-id=\"23566\" src=\"https:\/\/mtp-tours.com\/wp-content\/uploads\/2026\/02\/Rustic-552x1024.jpeg\" alt=\"\" class=\"wp-image-23566\" srcset=\"https:\/\/mtp-tours.com\/wp-content\/uploads\/2026\/02\/Rustic-552x1024.jpeg 552w, https:\/\/mtp-tours.com\/wp-content\/uploads\/2026\/02\/Rustic-162x300.jpeg 162w, https:\/\/mtp-tours.com\/wp-content\/uploads\/2026\/02\/Rustic-768x1425.jpeg 768w, https:\/\/mtp-tours.com\/wp-content\/uploads\/2026\/02\/Rustic-828x1536.jpeg 828w, https:\/\/mtp-tours.com\/wp-content\/uploads\/2026\/02\/Rustic-1103x2048.jpeg 1103w, https:\/\/mtp-tours.com\/wp-content\/uploads\/2026\/02\/Rustic-6x12.jpeg 6w, https:\/\/mtp-tours.com\/wp-content\/uploads\/2026\/02\/Rustic-600x1114.jpeg 600w, https:\/\/mtp-tours.com\/wp-content\/uploads\/2026\/02\/Rustic-scaled.jpeg 1379w\" sizes=\"(max-width: 552px) 100vw, 552px\" \/><\/figure>\n\n\n\n<figure class=\"wp-block-image size-large\"><img loading=\"lazy\" decoding=\"async\" width=\"747\" height=\"1024\" data-id=\"23565\" src=\"https:\/\/mtp-tours.com\/wp-content\/uploads\/2026\/02\/Nisa-747x1024.jpg\" alt=\"\" class=\"wp-image-23565\" srcset=\"https:\/\/mtp-tours.com\/wp-content\/uploads\/2026\/02\/Nisa-747x1024.jpg 747w, https:\/\/mtp-tours.com\/wp-content\/uploads\/2026\/02\/Nisa-219x300.jpg 219w, https:\/\/mtp-tours.com\/wp-content\/uploads\/2026\/02\/Nisa-768x1053.jpg 768w, https:\/\/mtp-tours.com\/wp-content\/uploads\/2026\/02\/Nisa-1121x1536.jpg 1121w, https:\/\/mtp-tours.com\/wp-content\/uploads\/2026\/02\/Nisa-9x12.jpg 9w, https:\/\/mtp-tours.com\/wp-content\/uploads\/2026\/02\/Nisa-600x822.jpg 600w, https:\/\/mtp-tours.com\/wp-content\/uploads\/2026\/02\/Nisa.jpg 1443w\" sizes=\"(max-width: 747px) 100vw, 747px\" \/><\/figure>\n\n\n\n<figure class=\"wp-block-image size-full\"><img loading=\"lazy\" decoding=\"async\" width=\"819\" height=\"1024\" data-id=\"23564\" src=\"https:\/\/mtp-tours.com\/wp-content\/uploads\/2026\/02\/Alqueva-DARK-SKY_03.jpg\" alt=\"\" class=\"wp-image-23564\" srcset=\"https:\/\/mtp-tours.com\/wp-content\/uploads\/2026\/02\/Alqueva-DARK-SKY_03.jpg 819w, https:\/\/mtp-tours.com\/wp-content\/uploads\/2026\/02\/Alqueva-DARK-SKY_03-240x300.jpg 240w, https:\/\/mtp-tours.com\/wp-content\/uploads\/2026\/02\/Alqueva-DARK-SKY_03-768x960.jpg 768w, https:\/\/mtp-tours.com\/wp-content\/uploads\/2026\/02\/Alqueva-DARK-SKY_03-10x12.jpg 10w, https:\/\/mtp-tours.com\/wp-content\/uploads\/2026\/02\/Alqueva-DARK-SKY_03-600x750.jpg 600w\" sizes=\"(max-width: 819px) 100vw, 819px\" \/><\/figure>\n\n\n\n<figure class=\"wp-block-image size-large\"><img loading=\"lazy\" decoding=\"async\" width=\"1024\" height=\"637\" data-id=\"21882\" src=\"https:\/\/mtp-tours.com\/wp-content\/uploads\/2025\/11\/Marvao-Alentejo-1024x637.jpg\" alt=\"\" class=\"wp-image-21882\" srcset=\"https:\/\/mtp-tours.com\/wp-content\/uploads\/2025\/11\/Marvao-Alentejo-1024x637.jpg 1024w, https:\/\/mtp-tours.com\/wp-content\/uploads\/2025\/11\/Marvao-Alentejo-300x187.jpg 300w, https:\/\/mtp-tours.com\/wp-content\/uploads\/2025\/11\/Marvao-Alentejo-768x478.jpg 768w, https:\/\/mtp-tours.com\/wp-content\/uploads\/2025\/11\/Marvao-Alentejo-1536x956.jpg 1536w, https:\/\/mtp-tours.com\/wp-content\/uploads\/2025\/11\/Marvao-Alentejo-18x12.jpg 18w, https:\/\/mtp-tours.com\/wp-content\/uploads\/2025\/11\/Marvao-Alentejo-600x373.jpg 600w, https:\/\/mtp-tours.com\/wp-content\/uploads\/2025\/11\/Marvao-Alentejo.jpg 1900w\" sizes=\"(max-width: 1024px) 100vw, 1024px\" \/><\/figure>\n<\/figure>\n\n\n\n<h2 class=\"wp-block-heading\">Cante Alentejano: die kollektive Stimme, die aus dem Land kommt<\/h2>\n\n\n\n<p>Der Cante Alentejano entstand in den Ebenen des Alentejo, wo er von den Landarbeitern in Gruppen gesungen wurde, als eine Form des Austauschs, des Widerstands und der Identit\u00e4t, und wurde zu einem der wichtigsten Pfeiler der Kultur des Alentejo. Er wurde von der UNESCO als immaterielles Kulturerbe der Menschheit anerkannt und ist ein einzigartiger Ausdruck, bei dem die menschliche Stimme die Instrumente ersetzt und das kollektive Ged\u00e4chtnis des Volkes bewahrt.<\/p>\n\n\n\n<iframe width=\"100%\" height=\"166\" scrolling=\"no\" frameborder=\"no\" allow=\"autoplay\" src=\"https:\/\/w.soundcloud.com\/player\/?url=https%3A\/\/api.soundcloud.com\/tracks\/soundcloud%253Atracks%253A156300662&#038;color=%23ff5500&#038;auto_play=false&#038;hide_related=false&#038;show_comments=true&#038;show_user=true&#038;show_reposts=false&#038;show_teaser=true\"><\/iframe><div style=\"font-size: 10px; color: #cccccc;line-break: anywhere;word-break: normal;overflow: hidden;white-space: nowrap;text-overflow: ellipsis; font-family: Interstate,Lucida Grande,Lucida Sans Unicode,Lucida Sans,Garuda,Verdana,Tahoma,sans-serif;font-weight: 100;\"><a href=\"https:\/\/soundcloud.com\/as-vozes-do-alentejo\" title=\"Die Stimmen des Alentejo\" target=\"_blank\" style=\"color: #cccccc; text-decoration: none;\">Die Stimmen des Alentejo<\/a> \u00b7 <a href=\"https:\/\/soundcloud.com\/as-vozes-do-alentejo\/fui-colher-uma-roma\" title=\"Ich ging, um einen Granatapfel zu pfl\u00fccken\" target=\"_blank\" style=\"color: #cccccc; text-decoration: none;\">Ich ging, um einen Granatapfel zu pfl\u00fccken<\/a><\/div>\n\n\n\n<h2 class=\"wp-block-heading\">Der Luxus der Stille<\/h2>\n\n\n\n<p class=\"translation-block\">In einer Welt voller Reize und st\u00e4ndigem L\u00e4rm bietet der <a href=\"\/de\/tour\/alentejo-tradition-geschichte-aroma\/\" target=\"_self\">Alentejo<\/a> einen immer seltener werdenden Luxus: Stille. Sternenklare N\u00e4chte ohne Lichtverschmutzung, in denen sich die Milchstra\u00dfe in ihrer ganzen Pracht zeigt. Morgen, an denen das einzige Ger\u00e4usch das Zirpen der Zikaden und das ferne L\u00e4uten einer Kirchenglocke ist. Nachmittage, an denen die Zeit stillsteht und nichts dr\u00e4ngt.<\/p>\n\n\n\n<p>Diese Stille ist keine Leere. Sie ist Raum. Raum zum Nachdenken, zum Ausruhen und zum Abschalten vom permanenten L\u00e4rm des Alltags. Wer Zeit im Alentejo verbringt, sp\u00fcrt diesen Unterschied \u2013 nicht als Spektakel, sondern als Ausgeglichenheit.<\/p>\n\n\n\n<p>Das Alentejo besucht man nicht nur im Vorbeifahren. Man lebt es mit Zeit. Und genau das macht es so schwer zu vergessen.<\/p>\n\n\n\n<p><\/p>","protected":false},"excerpt":{"rendered":"<p class=\"translation-block\"><a href=\"\/de\/tour\/alentejo-tradition-geschichte-aroma\/\" target=\"_self\">Alentejo<\/a> ist das Gegenteil von Eile. Sie beeindruckt nicht auf den ersten Blick und erkl\u00e4rt sich auch nicht nach einem halben Dutzend Fotos. Es ist eine Region, die Zeit, Aufmerksamkeit und Pr\u00e4senz erfordert. Hier verlangsamt sich das Tempo ganz nat\u00fcrlich und das Erlebnis beginnt in dem Moment, in dem man den Tajo \u00fcberquert und sich der Horizont \u00f6ffnet.<\/p>","protected":false},"author":5,"featured_media":23563,"comment_status":"open","ping_status":"open","sticky":false,"template":"","format":"standard","meta":{"footnotes":""},"categories":[224],"tags":[218],"class_list":["post-23312","post","type-post","status-publish","format-standard","has-post-thumbnail","hentry","category-alentejo","tag-destino","layout-1","product-add-to-cart-ajax"],"yoast_head":"<!-- This site is optimized with the Yoast SEO plugin v27.2 - https:\/\/yoast.com\/product\/yoast-seo-wordpress\/ -->\n<title>Alentejo \u2014 O Tempo P\u00e1ra na Alma de Portugal | Meet the Portuguese<\/title>\n<meta name=\"description\" content=\"Guia completo do Alentejo: paisagens, gastronomia, vinhos, vilas medievais e Cante Alentejano. Descubra a regi\u00e3o mais aut\u00eantica de Portugal.\" \/>\n<meta name=\"robots\" content=\"index, follow, max-snippet:-1, max-image-preview:large, max-video-preview:-1\" \/>\n<link rel=\"canonical\" href=\"https:\/\/mtp-tours.com\/de\/alentejo-zeit-stoppt-in-der-seele-von-portugal\/\" \/>\n<meta property=\"og:locale\" content=\"de_DE\" \/>\n<meta property=\"og:type\" content=\"article\" \/>\n<meta property=\"og:title\" content=\"Alentejo \u2014 O Tempo P\u00e1ra na Alma de Portugal | Meet the Portuguese\" \/>\n<meta property=\"og:description\" content=\"Guia completo do Alentejo: paisagens, gastronomia, vinhos, vilas medievais e Cante Alentejano. Descubra a regi\u00e3o mais aut\u00eantica de Portugal.\" \/>\n<meta property=\"og:url\" content=\"https:\/\/mtp-tours.com\/de\/alentejo-zeit-stoppt-in-der-seele-von-portugal\/\" \/>\n<meta property=\"og:site_name\" content=\"Meet the Portuguese\" \/>\n<meta property=\"article:publisher\" content=\"https:\/\/www.facebook.com\/mtptours\/\" \/>\n<meta property=\"article:published_time\" content=\"2026-01-23T19:03:40+00:00\" \/>\n<meta property=\"article:modified_time\" content=\"2026-03-06T11:55:59+00:00\" \/>\n<meta property=\"og:image\" content=\"https:\/\/mtp-tours.com\/wp-content\/uploads\/2026\/02\/trigo-scaled.jpg\" \/>\n\t<meta property=\"og:image:width\" content=\"2560\" \/>\n\t<meta property=\"og:image:height\" content=\"1707\" \/>\n\t<meta property=\"og:image:type\" content=\"image\/jpeg\" \/>\n<meta name=\"author\" content=\"Nuno Ferreira\" \/>\n<meta name=\"twitter:card\" content=\"summary_large_image\" \/>\n<meta name=\"twitter:label1\" content=\"Verfasst von\" \/>\n\t<meta name=\"twitter:data1\" content=\"Nuno Ferreira\" \/>\n\t<meta name=\"twitter:label2\" content=\"Gesch\u00e4tzte Lesezeit\" \/>\n\t<meta name=\"twitter:data2\" content=\"6\u00a0Minuten\" \/>\n<script type=\"application\/ld+json\" class=\"yoast-schema-graph\">{\"@context\":\"https:\/\/schema.org\",\"@graph\":[{\"@type\":\"Article\",\"@id\":\"https:\/\/mtp-tours.com\/alentejo-o-tempo-para-na-alma-de-portugal\/#article\",\"isPartOf\":{\"@id\":\"https:\/\/mtp-tours.com\/alentejo-o-tempo-para-na-alma-de-portugal\/\"},\"author\":{\"name\":\"Nuno Ferreira\",\"@id\":\"https:\/\/mtp-tours.com\/#\/schema\/person\/1618d5054a26a048bf1c54a47e93e8f3\"},\"headline\":\"Alentejo: o tempo p\u00e1ra na alma de Portugal\",\"datePublished\":\"2026-01-23T19:03:40+00:00\",\"dateModified\":\"2026-03-06T11:55:59+00:00\",\"mainEntityOfPage\":{\"@id\":\"https:\/\/mtp-tours.com\/alentejo-o-tempo-para-na-alma-de-portugal\/\"},\"wordCount\":793,\"commentCount\":0,\"publisher\":{\"@id\":\"https:\/\/mtp-tours.com\/#organization\"},\"image\":{\"@id\":\"https:\/\/mtp-tours.com\/alentejo-o-tempo-para-na-alma-de-portugal\/#primaryimage\"},\"thumbnailUrl\":\"https:\/\/mtp-tours.com\/wp-content\/uploads\/2026\/02\/trigo-scaled.jpg\",\"keywords\":[\"destino\"],\"articleSection\":[\"Alentejo\"],\"inLanguage\":\"de\",\"potentialAction\":[{\"@type\":\"CommentAction\",\"name\":\"Comment\",\"target\":[\"https:\/\/mtp-tours.com\/alentejo-o-tempo-para-na-alma-de-portugal\/#respond\"]}]},{\"@type\":\"WebPage\",\"@id\":\"https:\/\/mtp-tours.com\/alentejo-o-tempo-para-na-alma-de-portugal\/\",\"url\":\"https:\/\/mtp-tours.com\/alentejo-o-tempo-para-na-alma-de-portugal\/\",\"name\":\"Alentejo \u2014 O Tempo P\u00e1ra na Alma de Portugal | Meet the Portuguese\",\"isPartOf\":{\"@id\":\"https:\/\/mtp-tours.com\/#website\"},\"primaryImageOfPage\":{\"@id\":\"https:\/\/mtp-tours.com\/alentejo-o-tempo-para-na-alma-de-portugal\/#primaryimage\"},\"image\":{\"@id\":\"https:\/\/mtp-tours.com\/alentejo-o-tempo-para-na-alma-de-portugal\/#primaryimage\"},\"thumbnailUrl\":\"https:\/\/mtp-tours.com\/wp-content\/uploads\/2026\/02\/trigo-scaled.jpg\",\"datePublished\":\"2026-01-23T19:03:40+00:00\",\"dateModified\":\"2026-03-06T11:55:59+00:00\",\"description\":\"Guia completo do Alentejo: paisagens, gastronomia, vinhos, vilas medievais e Cante Alentejano. Descubra a regi\u00e3o mais aut\u00eantica de Portugal.\",\"breadcrumb\":{\"@id\":\"https:\/\/mtp-tours.com\/alentejo-o-tempo-para-na-alma-de-portugal\/#breadcrumb\"},\"inLanguage\":\"de\",\"potentialAction\":[{\"@type\":\"ReadAction\",\"target\":[\"https:\/\/mtp-tours.com\/alentejo-o-tempo-para-na-alma-de-portugal\/\"]}]},{\"@type\":\"ImageObject\",\"inLanguage\":\"de\",\"@id\":\"https:\/\/mtp-tours.com\/alentejo-o-tempo-para-na-alma-de-portugal\/#primaryimage\",\"url\":\"https:\/\/mtp-tours.com\/wp-content\/uploads\/2026\/02\/trigo-scaled.jpg\",\"contentUrl\":\"https:\/\/mtp-tours.com\/wp-content\/uploads\/2026\/02\/trigo-scaled.jpg\",\"width\":2560,\"height\":1707},{\"@type\":\"BreadcrumbList\",\"@id\":\"https:\/\/mtp-tours.com\/alentejo-o-tempo-para-na-alma-de-portugal\/#breadcrumb\",\"itemListElement\":[{\"@type\":\"ListItem\",\"position\":1,\"name\":\"In\u00edcio\",\"item\":\"https:\/\/mtp-tours.com\/\"},{\"@type\":\"ListItem\",\"position\":2,\"name\":\"Alentejo: o tempo p\u00e1ra na alma de Portugal\"}]},{\"@type\":\"WebSite\",\"@id\":\"https:\/\/mtp-tours.com\/#website\",\"url\":\"https:\/\/mtp-tours.com\/\",\"name\":\"Meet the Portuguese\",\"description\":\"Descubra o Portugal aut\u00eantico com guias locais. Tours privados em Lisboa, Sintra, Alentejo, Arr\u00e1bida e mais. Experi\u00eancias \u00fanicas de cultura e gastronomia.\",\"publisher\":{\"@id\":\"https:\/\/mtp-tours.com\/#organization\"},\"potentialAction\":[{\"@type\":\"SearchAction\",\"target\":{\"@type\":\"EntryPoint\",\"urlTemplate\":\"https:\/\/mtp-tours.com\/?s={search_term_string}\"},\"query-input\":{\"@type\":\"PropertyValueSpecification\",\"valueRequired\":true,\"valueName\":\"search_term_string\"}}],\"inLanguage\":\"de\"},{\"@type\":\"Organization\",\"@id\":\"https:\/\/mtp-tours.com\/#organization\",\"name\":\"Meet the Portuguese\",\"url\":\"https:\/\/mtp-tours.com\/\",\"logo\":{\"@type\":\"ImageObject\",\"inLanguage\":\"de\",\"@id\":\"https:\/\/mtp-tours.com\/#\/schema\/logo\/image\/\",\"url\":\"https:\/\/mtp-tours.com\/wp-content\/uploads\/2025\/11\/logo.png\",\"contentUrl\":\"https:\/\/mtp-tours.com\/wp-content\/uploads\/2025\/11\/logo.png\",\"width\":600,\"height\":238,\"caption\":\"Meet the Portuguese\"},\"image\":{\"@id\":\"https:\/\/mtp-tours.com\/#\/schema\/logo\/image\/\"},\"sameAs\":[\"https:\/\/www.facebook.com\/mtptours\/\",\"https:\/\/www.instagram.com\/mtptours\",\"https:\/\/www.youtube.com\/@MeetthePortuguese\",\"https:\/\/www.tiktok.com\/@mtptours\",\"https:\/\/www.linkedin.com\/company\/mtp-tours\/\"]},{\"@type\":\"Person\",\"@id\":\"https:\/\/mtp-tours.com\/#\/schema\/person\/1618d5054a26a048bf1c54a47e93e8f3\",\"name\":\"Nuno Ferreira\",\"image\":{\"@type\":\"ImageObject\",\"inLanguage\":\"de\",\"@id\":\"https:\/\/secure.gravatar.com\/avatar\/f967cab7e7664828e469077c2bd8664e1f8e9bf4bb43a9c8958acdc5cdb970a0?s=96&d=mm&r=g\",\"url\":\"https:\/\/secure.gravatar.com\/avatar\/f967cab7e7664828e469077c2bd8664e1f8e9bf4bb43a9c8958acdc5cdb970a0?s=96&d=mm&r=g\",\"contentUrl\":\"https:\/\/secure.gravatar.com\/avatar\/f967cab7e7664828e469077c2bd8664e1f8e9bf4bb43a9c8958acdc5cdb970a0?s=96&d=mm&r=g\",\"caption\":\"Nuno Ferreira\"}}]}<\/script>\n<!-- \/ Yoast SEO plugin. -->","yoast_head_json":{"title":"Alentejo \u2014 Die Zeit steht still in der Seele Portugals | Meet the Portuguese","description":"Kompletter Alentejo-Reisef\u00fchrer: Landschaften, Gastronomie, Weine, mittelalterliche D\u00f6rfer und Cante Alentejano. Portugals authentischste Region.","robots":{"index":"index","follow":"follow","max-snippet":"max-snippet:-1","max-image-preview":"max-image-preview:large","max-video-preview":"max-video-preview:-1"},"canonical":"https:\/\/mtp-tours.com\/de\/alentejo-zeit-stoppt-in-der-seele-von-portugal\/","og_locale":"de_DE","og_type":"article","og_title":"Alentejo \u2014 O Tempo P\u00e1ra na Alma de Portugal | Meet the Portuguese","og_description":"Guia completo do Alentejo: paisagens, gastronomia, vinhos, vilas medievais e Cante Alentejano. Descubra a regi\u00e3o mais aut\u00eantica de Portugal.","og_url":"https:\/\/mtp-tours.com\/de\/alentejo-zeit-stoppt-in-der-seele-von-portugal\/","og_site_name":"Meet the Portuguese","article_publisher":"https:\/\/www.facebook.com\/mtptours\/","article_published_time":"2026-01-23T19:03:40+00:00","article_modified_time":"2026-03-06T11:55:59+00:00","og_image":[{"width":2560,"height":1707,"url":"https:\/\/mtp-tours.com\/wp-content\/uploads\/2026\/02\/trigo-scaled.jpg","type":"image\/jpeg"}],"author":"Nuno Ferreira","twitter_card":"summary_large_image","twitter_misc":{"Verfasst von":"Nuno Ferreira","Gesch\u00e4tzte Lesezeit":"6\u00a0Minuten"},"schema":{"@context":"https:\/\/schema.org","@graph":[{"@type":"Article","@id":"https:\/\/mtp-tours.com\/alentejo-o-tempo-para-na-alma-de-portugal\/#article","isPartOf":{"@id":"https:\/\/mtp-tours.com\/alentejo-o-tempo-para-na-alma-de-portugal\/"},"author":{"name":"Nuno Ferreira","@id":"https:\/\/mtp-tours.com\/#\/schema\/person\/1618d5054a26a048bf1c54a47e93e8f3"},"headline":"Alentejo: o tempo p\u00e1ra na alma de Portugal","datePublished":"2026-01-23T19:03:40+00:00","dateModified":"2026-03-06T11:55:59+00:00","mainEntityOfPage":{"@id":"https:\/\/mtp-tours.com\/alentejo-o-tempo-para-na-alma-de-portugal\/"},"wordCount":793,"commentCount":0,"publisher":{"@id":"https:\/\/mtp-tours.com\/#organization"},"image":{"@id":"https:\/\/mtp-tours.com\/alentejo-o-tempo-para-na-alma-de-portugal\/#primaryimage"},"thumbnailUrl":"https:\/\/mtp-tours.com\/wp-content\/uploads\/2026\/02\/trigo-scaled.jpg","keywords":["destino"],"articleSection":["Alentejo"],"inLanguage":"de","potentialAction":[{"@type":"CommentAction","name":"Comment","target":["https:\/\/mtp-tours.com\/alentejo-o-tempo-para-na-alma-de-portugal\/#respond"]}]},{"@type":"WebPage","@id":"https:\/\/mtp-tours.com\/alentejo-o-tempo-para-na-alma-de-portugal\/","url":"https:\/\/mtp-tours.com\/alentejo-o-tempo-para-na-alma-de-portugal\/","name":"Alentejo \u2014 Die Zeit steht still in der Seele Portugals | Meet the Portuguese","isPartOf":{"@id":"https:\/\/mtp-tours.com\/#website"},"primaryImageOfPage":{"@id":"https:\/\/mtp-tours.com\/alentejo-o-tempo-para-na-alma-de-portugal\/#primaryimage"},"image":{"@id":"https:\/\/mtp-tours.com\/alentejo-o-tempo-para-na-alma-de-portugal\/#primaryimage"},"thumbnailUrl":"https:\/\/mtp-tours.com\/wp-content\/uploads\/2026\/02\/trigo-scaled.jpg","datePublished":"2026-01-23T19:03:40+00:00","dateModified":"2026-03-06T11:55:59+00:00","description":"Kompletter Alentejo-Reisef\u00fchrer: Landschaften, Gastronomie, Weine, mittelalterliche D\u00f6rfer und Cante Alentejano. Portugals authentischste Region.","breadcrumb":{"@id":"https:\/\/mtp-tours.com\/alentejo-o-tempo-para-na-alma-de-portugal\/#breadcrumb"},"inLanguage":"de","potentialAction":[{"@type":"ReadAction","target":["https:\/\/mtp-tours.com\/alentejo-o-tempo-para-na-alma-de-portugal\/"]}]},{"@type":"ImageObject","inLanguage":"de","@id":"https:\/\/mtp-tours.com\/alentejo-o-tempo-para-na-alma-de-portugal\/#primaryimage","url":"https:\/\/mtp-tours.com\/wp-content\/uploads\/2026\/02\/trigo-scaled.jpg","contentUrl":"https:\/\/mtp-tours.com\/wp-content\/uploads\/2026\/02\/trigo-scaled.jpg","width":2560,"height":1707},{"@type":"BreadcrumbList","@id":"https:\/\/mtp-tours.com\/alentejo-o-tempo-para-na-alma-de-portugal\/#breadcrumb","itemListElement":[{"@type":"ListItem","position":1,"name":"In\u00edcio","item":"https:\/\/mtp-tours.com\/"},{"@type":"ListItem","position":2,"name":"Alentejo: o tempo p\u00e1ra na alma de Portugal"}]},{"@type":"WebSite","@id":"https:\/\/mtp-tours.com\/#website","url":"https:\/\/mtp-tours.com\/","name":"Meet the Portuguese","description":"Entdecken Sie das authentische Portugal mit lokalen Guides. Private Touren in Lissabon, Sintra, Alentejo, Arr\u00e1bida und mehr. Einzigartige Kultur-und Genusserlebnisse.","publisher":{"@id":"https:\/\/mtp-tours.com\/#organization"},"potentialAction":[{"@type":"SearchAction","target":{"@type":"EntryPoint","urlTemplate":"https:\/\/mtp-tours.com\/?s={search_term_string}"},"query-input":{"@type":"PropertyValueSpecification","valueRequired":true,"valueName":"search_term_string"}}],"inLanguage":"de"},{"@type":"Organization","@id":"https:\/\/mtp-tours.com\/#organization","name":"Meet the Portuguese","url":"https:\/\/mtp-tours.com\/","logo":{"@type":"ImageObject","inLanguage":"de","@id":"https:\/\/mtp-tours.com\/#\/schema\/logo\/image\/","url":"https:\/\/mtp-tours.com\/wp-content\/uploads\/2025\/11\/logo.png","contentUrl":"https:\/\/mtp-tours.com\/wp-content\/uploads\/2025\/11\/logo.png","width":600,"height":238,"caption":"Meet the Portuguese"},"image":{"@id":"https:\/\/mtp-tours.com\/#\/schema\/logo\/image\/"},"sameAs":["https:\/\/www.facebook.com\/mtptours\/","https:\/\/www.instagram.com\/mtptours","https:\/\/www.youtube.com\/@MeetthePortuguese","https:\/\/www.tiktok.com\/@mtptours","https:\/\/www.linkedin.com\/company\/mtp-tours\/"]},{"@type":"Person","@id":"https:\/\/mtp-tours.com\/#\/schema\/person\/1618d5054a26a048bf1c54a47e93e8f3","name":"Nuno Ferreira","image":{"@type":"ImageObject","inLanguage":"de","@id":"https:\/\/secure.gravatar.com\/avatar\/f967cab7e7664828e469077c2bd8664e1f8e9bf4bb43a9c8958acdc5cdb970a0?s=96&d=mm&r=g","url":"https:\/\/secure.gravatar.com\/avatar\/f967cab7e7664828e469077c2bd8664e1f8e9bf4bb43a9c8958acdc5cdb970a0?s=96&d=mm&r=g","contentUrl":"https:\/\/secure.gravatar.com\/avatar\/f967cab7e7664828e469077c2bd8664e1f8e9bf4bb43a9c8958acdc5cdb970a0?s=96&d=mm&r=g","caption":"Nuno Ferreira"}}]}},"_links":{"self":[{"href":"https:\/\/mtp-tours.com\/de\/wp-json\/wp\/v2\/posts\/23312","targetHints":{"allow":["GET"]}}],"collection":[{"href":"https:\/\/mtp-tours.com\/de\/wp-json\/wp\/v2\/posts"}],"about":[{"href":"https:\/\/mtp-tours.com\/de\/wp-json\/wp\/v2\/types\/post"}],"author":[{"embeddable":true,"href":"https:\/\/mtp-tours.com\/de\/wp-json\/wp\/v2\/users\/5"}],"replies":[{"embeddable":true,"href":"https:\/\/mtp-tours.com\/de\/wp-json\/wp\/v2\/comments?post=23312"}],"version-history":[{"count":5,"href":"https:\/\/mtp-tours.com\/de\/wp-json\/wp\/v2\/posts\/23312\/revisions"}],"predecessor-version":[{"id":23627,"href":"https:\/\/mtp-tours.com\/de\/wp-json\/wp\/v2\/posts\/23312\/revisions\/23627"}],"wp:featuredmedia":[{"embeddable":true,"href":"https:\/\/mtp-tours.com\/de\/wp-json\/wp\/v2\/media\/23563"}],"wp:attachment":[{"href":"https:\/\/mtp-tours.com\/de\/wp-json\/wp\/v2\/media?parent=23312"}],"wp:term":[{"taxonomy":"category","embeddable":true,"href":"https:\/\/mtp-tours.com\/de\/wp-json\/wp\/v2\/categories?post=23312"},{"taxonomy":"post_tag","embeddable":true,"href":"https:\/\/mtp-tours.com\/de\/wp-json\/wp\/v2\/tags?post=23312"}],"curies":[{"name":"wp","href":"https:\/\/api.w.org\/{rel}","templated":true}]}}