{"id":18809,"date":"2026-01-12T08:09:35","date_gmt":"2026-01-12T08:09:35","guid":{"rendered":"http:\/\/travelami.templaza.net\/?p=18809"},"modified":"2026-03-06T11:55:59","modified_gmt":"2026-03-06T11:55:59","slug":"fatima-where-faith-and-history-meet-in-portugal","status":"publish","type":"post","link":"https:\/\/mtp-tours.com\/en\/fatima-onde-a-fe-e-a-historia-se-encontram-em-portugal\/","title":{"rendered":"F\u00e1tima: Where faith and history meet in Portugal"},"content":{"rendered":"<p class=\"translation-block\"><a href=\"\/en\/tour\/fatima-the-city-of-faith\/\" target=\"_self\">F\u00e1tima<\/a> is one of the most important religious destinations in the world and, at the same time, a place full of history, symbolism and curiosities that will surprise any visitor. Located in the center of <a href=\"\/en\/tours\/\" target=\"_self\">Portugal<\/a>, this small city attracts millions of pilgrims and travelers every year, moved by faith, culture or simply the desire to understand one of the most striking phenomena of the 20th century.<\/p>\n\n\n\n<h2 class=\"wp-block-heading\">History: from rural village to global destination<\/h2>\n\n\n\n<p class=\"translation-block\">Until the beginning of the 20th century, <a href=\"\/en\/tour\/fatima-the-city-of-faith\/\" target=\"_self\">F\u00e1tima<\/a> was a quiet rural village, dedicated mainly to agriculture and pastoralism. Everything changed in 1917, when three children \u2014 L\u00facia dos Santos and her cousins \u200b\u200bFrancisco and Jacinta Marto \u2014 claimed to have witnessed apparitions of Our Lady in Cova da Iria.<\/p>\n\n\n\n<p class=\"translation-block\">From that moment on, <a href=\"\/en\/tour\/fatima-the-city-of-faith\/\" target=\"_self\">F\u00e1tima<\/a> gained unexpected relevance, growing rapidly in religious and urban importance. Today, the Sanctuary of <a href=\"\/en\/tour\/fatima-the-city-of-faith\/\" target=\"_self\">F\u00e1tima<\/a> is one of the largest Catholic pilgrimage centers in the world and an inescapable symbol of <a href=\"\/en\/tours\/\" target=\"_self\">Portugal<\/a>'s spiritual identity.<\/p>\n\n\n\n<h2 class=\"wp-block-heading\"><strong>The Miracles of <a href=\"\/en\/tour\/fatima-the-city-of-faith\/\">F\u00e1tima<\/a><\/strong><\/h2>\n\n\n\n<p>The 1917 apparitions took place between May and October, always on the 13th of each month. The best-known episode is the so-called Miracle of the Sun, which took place on October 13, 1917, in front of a crowd estimated at around 70,000 people.<\/p>\n\n\n\n<p>According to the accounts of the time, the sun \u201cdanced\u201d in the sky, emitting unusual lights and colors, a phenomenon witnessed by believers and non-believers alike. More than a religious phenomenon, it became a symbol of hope, devotion and Portuguese cultural identity.<\/p>\n\n\n\n<figure class=\"wp-block-gallery has-nested-images columns-default is-cropped wp-block-gallery-1 is-layout-flex wp-block-gallery-is-layout-flex\">\n<figure class=\"wp-block-image size-large\"><img fetchpriority=\"high\" decoding=\"async\" width=\"576\" height=\"1024\" data-id=\"22190\" src=\"https:\/\/mtp-tours.com\/wp-content\/uploads\/2025\/11\/Imagem-WhatsApp-2025-10-20-as-00.17.21_344a2401-576x1024.jpg\" alt=\"\" class=\"wp-image-22190\" srcset=\"https:\/\/mtp-tours.com\/wp-content\/uploads\/2025\/11\/Imagem-WhatsApp-2025-10-20-as-00.17.21_344a2401-576x1024.jpg 576w, https:\/\/mtp-tours.com\/wp-content\/uploads\/2025\/11\/Imagem-WhatsApp-2025-10-20-as-00.17.21_344a2401-169x300.jpg 169w, https:\/\/mtp-tours.com\/wp-content\/uploads\/2025\/11\/Imagem-WhatsApp-2025-10-20-as-00.17.21_344a2401-768x1365.jpg 768w, https:\/\/mtp-tours.com\/wp-content\/uploads\/2025\/11\/Imagem-WhatsApp-2025-10-20-as-00.17.21_344a2401-864x1536.jpg 864w, https:\/\/mtp-tours.com\/wp-content\/uploads\/2025\/11\/Imagem-WhatsApp-2025-10-20-as-00.17.21_344a2401-7x12.jpg 7w, https:\/\/mtp-tours.com\/wp-content\/uploads\/2025\/11\/Imagem-WhatsApp-2025-10-20-as-00.17.21_344a2401-600x1067.jpg 600w, https:\/\/mtp-tours.com\/wp-content\/uploads\/2025\/11\/Imagem-WhatsApp-2025-10-20-as-00.17.21_344a2401.jpg 900w\" sizes=\"(max-width: 576px) 100vw, 576px\" \/><\/figure>\n\n\n\n<figure class=\"wp-block-image size-large\"><img decoding=\"async\" width=\"1024\" height=\"576\" data-id=\"22155\" src=\"https:\/\/mtp-tours.com\/wp-content\/uploads\/2025\/11\/Nossa-Senhora-de-Fatima-3-1024x576.jpg\" alt=\"\" class=\"wp-image-22155\" srcset=\"https:\/\/mtp-tours.com\/wp-content\/uploads\/2025\/11\/Nossa-Senhora-de-Fatima-3-1024x576.jpg 1024w, https:\/\/mtp-tours.com\/wp-content\/uploads\/2025\/11\/Nossa-Senhora-de-Fatima-3-300x169.jpg 300w, https:\/\/mtp-tours.com\/wp-content\/uploads\/2025\/11\/Nossa-Senhora-de-Fatima-3-768x432.jpg 768w, https:\/\/mtp-tours.com\/wp-content\/uploads\/2025\/11\/Nossa-Senhora-de-Fatima-3-1536x864.jpg 1536w, https:\/\/mtp-tours.com\/wp-content\/uploads\/2025\/11\/Nossa-Senhora-de-Fatima-3-18x10.jpg 18w, https:\/\/mtp-tours.com\/wp-content\/uploads\/2025\/11\/Nossa-Senhora-de-Fatima-3-600x338.jpg 600w, https:\/\/mtp-tours.com\/wp-content\/uploads\/2025\/11\/Nossa-Senhora-de-Fatima-3.jpg 1920w\" sizes=\"(max-width: 1024px) 100vw, 1024px\" \/><\/figure>\n\n\n\n<figure class=\"wp-block-image size-large\"><img decoding=\"async\" width=\"1024\" height=\"683\" data-id=\"22160\" src=\"https:\/\/mtp-tours.com\/wp-content\/uploads\/2025\/11\/Nossa-Senhora-de-Fatima-9-1024x683.jpg\" alt=\"\" class=\"wp-image-22160\" srcset=\"https:\/\/mtp-tours.com\/wp-content\/uploads\/2025\/11\/Nossa-Senhora-de-Fatima-9-1024x683.jpg 1024w, https:\/\/mtp-tours.com\/wp-content\/uploads\/2025\/11\/Nossa-Senhora-de-Fatima-9-300x200.jpg 300w, https:\/\/mtp-tours.com\/wp-content\/uploads\/2025\/11\/Nossa-Senhora-de-Fatima-9-768x512.jpg 768w, https:\/\/mtp-tours.com\/wp-content\/uploads\/2025\/11\/Nossa-Senhora-de-Fatima-9-1536x1024.jpg 1536w, https:\/\/mtp-tours.com\/wp-content\/uploads\/2025\/11\/Nossa-Senhora-de-Fatima-9-18x12.jpg 18w, https:\/\/mtp-tours.com\/wp-content\/uploads\/2025\/11\/Nossa-Senhora-de-Fatima-9-600x400.jpg 600w, https:\/\/mtp-tours.com\/wp-content\/uploads\/2025\/11\/Nossa-Senhora-de-Fatima-9.jpg 1920w\" sizes=\"(max-width: 1024px) 100vw, 1024px\" \/><\/figure>\n\n\n\n<figure class=\"wp-block-image size-large\"><img loading=\"lazy\" decoding=\"async\" width=\"1024\" height=\"768\" data-id=\"22210\" src=\"https:\/\/mtp-tours.com\/wp-content\/uploads\/2025\/11\/Imagem-WhatsApp-2025-10-20-as-00.17.21_b7a5ef95-1024x768.jpg\" alt=\"\" class=\"wp-image-22210\" srcset=\"https:\/\/mtp-tours.com\/wp-content\/uploads\/2025\/11\/Imagem-WhatsApp-2025-10-20-as-00.17.21_b7a5ef95-1024x768.jpg 1024w, https:\/\/mtp-tours.com\/wp-content\/uploads\/2025\/11\/Imagem-WhatsApp-2025-10-20-as-00.17.21_b7a5ef95-300x225.jpg 300w, https:\/\/mtp-tours.com\/wp-content\/uploads\/2025\/11\/Imagem-WhatsApp-2025-10-20-as-00.17.21_b7a5ef95-768x576.jpg 768w, https:\/\/mtp-tours.com\/wp-content\/uploads\/2025\/11\/Imagem-WhatsApp-2025-10-20-as-00.17.21_b7a5ef95-1536x1152.jpg 1536w, https:\/\/mtp-tours.com\/wp-content\/uploads\/2025\/11\/Imagem-WhatsApp-2025-10-20-as-00.17.21_b7a5ef95-16x12.jpg 16w, https:\/\/mtp-tours.com\/wp-content\/uploads\/2025\/11\/Imagem-WhatsApp-2025-10-20-as-00.17.21_b7a5ef95-600x450.jpg 600w, https:\/\/mtp-tours.com\/wp-content\/uploads\/2025\/11\/Imagem-WhatsApp-2025-10-20-as-00.17.21_b7a5ef95.jpg 1600w\" sizes=\"(max-width: 1024px) 100vw, 1024px\" \/><\/figure>\n\n\n\n<figure class=\"wp-block-image size-large\"><img loading=\"lazy\" decoding=\"async\" width=\"1024\" height=\"536\" data-id=\"22158\" src=\"https:\/\/mtp-tours.com\/wp-content\/uploads\/2025\/11\/Nossa-Senhora-de-Fatima-6-1024x536.jpg\" alt=\"\" class=\"wp-image-22158\" srcset=\"https:\/\/mtp-tours.com\/wp-content\/uploads\/2025\/11\/Nossa-Senhora-de-Fatima-6-1024x536.jpg 1024w, https:\/\/mtp-tours.com\/wp-content\/uploads\/2025\/11\/Nossa-Senhora-de-Fatima-6-300x157.jpg 300w, https:\/\/mtp-tours.com\/wp-content\/uploads\/2025\/11\/Nossa-Senhora-de-Fatima-6-768x402.jpg 768w, https:\/\/mtp-tours.com\/wp-content\/uploads\/2025\/11\/Nossa-Senhora-de-Fatima-6-1536x804.jpg 1536w, https:\/\/mtp-tours.com\/wp-content\/uploads\/2025\/11\/Nossa-Senhora-de-Fatima-6-18x9.jpg 18w, https:\/\/mtp-tours.com\/wp-content\/uploads\/2025\/11\/Nossa-Senhora-de-Fatima-6-600x314.jpg 600w, https:\/\/mtp-tours.com\/wp-content\/uploads\/2025\/11\/Nossa-Senhora-de-Fatima-6.jpg 1920w\" sizes=\"(max-width: 1024px) 100vw, 1024px\" \/><\/figure>\n\n\n\n<figure class=\"wp-block-image size-large\"><img loading=\"lazy\" decoding=\"async\" width=\"1024\" height=\"732\" data-id=\"22154\" src=\"https:\/\/mtp-tours.com\/wp-content\/uploads\/2025\/11\/Nossa-Senhora-de-Fatima-2-1024x732.jpg\" alt=\"\" class=\"wp-image-22154\" srcset=\"https:\/\/mtp-tours.com\/wp-content\/uploads\/2025\/11\/Nossa-Senhora-de-Fatima-2-1024x732.jpg 1024w, https:\/\/mtp-tours.com\/wp-content\/uploads\/2025\/11\/Nossa-Senhora-de-Fatima-2-300x214.jpg 300w, https:\/\/mtp-tours.com\/wp-content\/uploads\/2025\/11\/Nossa-Senhora-de-Fatima-2-768x549.jpg 768w, https:\/\/mtp-tours.com\/wp-content\/uploads\/2025\/11\/Nossa-Senhora-de-Fatima-2-1536x1097.jpg 1536w, https:\/\/mtp-tours.com\/wp-content\/uploads\/2025\/11\/Nossa-Senhora-de-Fatima-2-2048x1463.jpg 2048w, https:\/\/mtp-tours.com\/wp-content\/uploads\/2025\/11\/Nossa-Senhora-de-Fatima-2-18x12.jpg 18w, https:\/\/mtp-tours.com\/wp-content\/uploads\/2025\/11\/Nossa-Senhora-de-Fatima-2-600x429.jpg 600w\" sizes=\"(max-width: 1024px) 100vw, 1024px\" \/><\/figure>\n<\/figure>\n\n\n\n<h2 class=\"wp-block-heading\"><strong>Annual Events in <a href=\"\/en\/tour\/fatima-the-city-of-faith\/\">F\u00e1tima<\/a><\/strong><\/h2>\n\n\n\n<p class=\"translation-block\">The most important moments in the <a href=\"\/en\/tour\/fatima-the-city-of-faith\/\" target=\"_self\">F\u00e1tima<\/a> calendar take place in May and October, especially on the 12th and 13th, dates that mark the first and last apparition.<\/p>\n\n\n\n<p class=\"translation-block\">During these periods, the city receives hundreds of thousands of pilgrims from all over the world. The candle processions, international masses and the atmosphere of silence and recollection create a unique experience, even for those who visit <a href=\"\/en\/tour\/fatima-the-city-of-faith\/\" target=\"_self\">F\u00e1tima<\/a> just for cultural or tourist interest.<\/p>\n\n\n\n<p class=\"translation-block\">Even outside the big dates, <a href=\"\/en\/tour\/fatima-the-city-of-faith\/\" target=\"_self\">F\u00e1tima<\/a> maintains a serene atmosphere, ideal for those looking to understand the spiritual and traditional side of <a href=\"\/en\/tours\/\" target=\"_self\">Portugal<\/a>, far from mass tourism.<\/p>\n\n\n\n<h2 class=\"wp-block-heading\"><strong>Curiosities about <a href=\"\/en\/tour\/fatima-the-city-of-faith\/\">F\u00e1tima<\/a><\/strong><\/h2>\n\n\n\n<ul class=\"wp-block-list\">\n<li class=\"translation-block\">The Sanctuary of <a href=\"\/en\/tour\/fatima-the-city-of-faith\/\" target=\"_self\">F\u00e1tima<\/a> is visited by pilgrims from more than 100 different countries.<\/li>\n\n\n\n<li>Many of the faithful walk tens or hundreds of kilometers as a form of promise or devotion.<\/li>\n\n\n\n<li>The Little Shepherds Francisco and Jacinta Marto were canonized in 2017, becoming the youngest non-martyr saints in the Catholic Church.<\/li>\n\n\n\n<li class=\"translation-block\">Despite an international religious dimension, <a href=\"\/en\/tour\/fatima-the-city-of-faith\/\" target=\"_self\">F\u00e1tima<\/a> has excellent tourist infrastructure, modern hotels and an exemplary organization to receive large crowds.<br><\/li>\n<\/ul>","protected":false},"excerpt":{"rendered":"<p>F\u00e1tima \u00e9 um dos destinos religiosos mais importantes do mundo e, ao mesmo tempo, um local cheio de hist\u00f3ria, simbolismo e curiosidades que surpreendem qualquer visitante.<\/p>","protected":false},"author":5,"featured_media":22173,"comment_status":"open","ping_status":"closed","sticky":false,"template":"","format":"standard","meta":{"footnotes":""},"categories":[230],"tags":[218],"class_list":["post-18809","post","type-post","status-publish","format-standard","has-post-thumbnail","hentry","category-fatima","tag-destino","layout-1","product-add-to-cart-ajax"],"yoast_head":"<!-- This site is optimized with the Yoast SEO plugin v27.2 - https:\/\/yoast.com\/product\/yoast-seo-wordpress\/ -->\n<title>F\u00e1tima \u2014 Onde a F\u00e9 e a Hist\u00f3ria se Encontram em Portugal | Meet the Portuguese<\/title>\n<meta name=\"description\" content=\"Guia completo de F\u00e1tima: hist\u00f3ria das apari\u00e7\u00f5es de 1917, Santu\u00e1rio, peregrina\u00e7\u00f5es e o que visitar. Tudo sobre o maior destino de f\u00e9 em Portugal.\" \/>\n<meta name=\"robots\" content=\"index, follow, max-snippet:-1, max-image-preview:large, max-video-preview:-1\" \/>\n<link rel=\"canonical\" href=\"https:\/\/mtp-tours.com\/en\/fatima-where-faith-and-history-meet-in-portugal\/\" \/>\n<meta property=\"og:locale\" content=\"en_US\" \/>\n<meta property=\"og:type\" content=\"article\" \/>\n<meta property=\"og:title\" content=\"F\u00e1tima \u2014 Onde a F\u00e9 e a Hist\u00f3ria se Encontram em Portugal | Meet the Portuguese\" \/>\n<meta property=\"og:description\" content=\"Guia completo de F\u00e1tima: hist\u00f3ria das apari\u00e7\u00f5es de 1917, Santu\u00e1rio, peregrina\u00e7\u00f5es e o que visitar. Tudo sobre o maior destino de f\u00e9 em Portugal.\" \/>\n<meta property=\"og:url\" content=\"https:\/\/mtp-tours.com\/en\/fatima-where-faith-and-history-meet-in-portugal\/\" \/>\n<meta property=\"og:site_name\" content=\"Meet the Portuguese\" \/>\n<meta property=\"article:publisher\" content=\"https:\/\/www.facebook.com\/mtptours\/\" \/>\n<meta property=\"article:published_time\" content=\"2026-01-12T08:09:35+00:00\" \/>\n<meta property=\"article:modified_time\" content=\"2026-03-06T11:55:59+00:00\" \/>\n<meta property=\"og:image\" content=\"https:\/\/mtp-tours.com\/wp-content\/uploads\/2025\/11\/Imagem-WhatsApp-2025-10-20-as-00.17.21_5b105bed.jpg\" \/>\n\t<meta property=\"og:image:width\" content=\"1600\" \/>\n\t<meta property=\"og:image:height\" content=\"1200\" \/>\n\t<meta property=\"og:image:type\" content=\"image\/jpeg\" \/>\n<meta name=\"author\" content=\"Nuno Ferreira\" \/>\n<meta name=\"twitter:card\" content=\"summary_large_image\" \/>\n<meta name=\"twitter:label1\" content=\"Written by\" \/>\n\t<meta name=\"twitter:data1\" content=\"Nuno Ferreira\" \/>\n\t<meta name=\"twitter:label2\" content=\"Est. reading time\" \/>\n\t<meta name=\"twitter:data2\" content=\"4 minutes\" \/>\n<script type=\"application\/ld+json\" class=\"yoast-schema-graph\">{\"@context\":\"https:\/\/schema.org\",\"@graph\":[{\"@type\":\"Article\",\"@id\":\"https:\/\/mtp-tours.com\/fatima-onde-a-fe-e-a-historia-se-encontram-em-portugal\/#article\",\"isPartOf\":{\"@id\":\"https:\/\/mtp-tours.com\/fatima-onde-a-fe-e-a-historia-se-encontram-em-portugal\/\"},\"author\":{\"name\":\"Nuno Ferreira\",\"@id\":\"https:\/\/mtp-tours.com\/#\/schema\/person\/1618d5054a26a048bf1c54a47e93e8f3\"},\"headline\":\"F\u00e1tima: Onde a F\u00e9 e a Hist\u00f3ria se encontram em Portugal\",\"datePublished\":\"2026-01-12T08:09:35+00:00\",\"dateModified\":\"2026-03-06T11:55:59+00:00\",\"mainEntityOfPage\":{\"@id\":\"https:\/\/mtp-tours.com\/fatima-onde-a-fe-e-a-historia-se-encontram-em-portugal\/\"},\"wordCount\":483,\"commentCount\":0,\"publisher\":{\"@id\":\"https:\/\/mtp-tours.com\/#organization\"},\"image\":{\"@id\":\"https:\/\/mtp-tours.com\/fatima-onde-a-fe-e-a-historia-se-encontram-em-portugal\/#primaryimage\"},\"thumbnailUrl\":\"https:\/\/mtp-tours.com\/wp-content\/uploads\/2025\/11\/Imagem-WhatsApp-2025-10-20-as-00.17.21_5b105bed.jpg\",\"keywords\":[\"destino\"],\"articleSection\":[\"F\u00e1tima\"],\"inLanguage\":\"en-US\",\"potentialAction\":[{\"@type\":\"CommentAction\",\"name\":\"Comment\",\"target\":[\"https:\/\/mtp-tours.com\/fatima-onde-a-fe-e-a-historia-se-encontram-em-portugal\/#respond\"]}]},{\"@type\":\"WebPage\",\"@id\":\"https:\/\/mtp-tours.com\/fatima-onde-a-fe-e-a-historia-se-encontram-em-portugal\/\",\"url\":\"https:\/\/mtp-tours.com\/fatima-onde-a-fe-e-a-historia-se-encontram-em-portugal\/\",\"name\":\"F\u00e1tima \u2014 Onde a F\u00e9 e a Hist\u00f3ria se Encontram em Portugal | Meet the Portuguese\",\"isPartOf\":{\"@id\":\"https:\/\/mtp-tours.com\/#website\"},\"primaryImageOfPage\":{\"@id\":\"https:\/\/mtp-tours.com\/fatima-onde-a-fe-e-a-historia-se-encontram-em-portugal\/#primaryimage\"},\"image\":{\"@id\":\"https:\/\/mtp-tours.com\/fatima-onde-a-fe-e-a-historia-se-encontram-em-portugal\/#primaryimage\"},\"thumbnailUrl\":\"https:\/\/mtp-tours.com\/wp-content\/uploads\/2025\/11\/Imagem-WhatsApp-2025-10-20-as-00.17.21_5b105bed.jpg\",\"datePublished\":\"2026-01-12T08:09:35+00:00\",\"dateModified\":\"2026-03-06T11:55:59+00:00\",\"description\":\"Guia completo de F\u00e1tima: hist\u00f3ria das apari\u00e7\u00f5es de 1917, Santu\u00e1rio, peregrina\u00e7\u00f5es e o que visitar. Tudo sobre o maior destino de f\u00e9 em Portugal.\",\"breadcrumb\":{\"@id\":\"https:\/\/mtp-tours.com\/fatima-onde-a-fe-e-a-historia-se-encontram-em-portugal\/#breadcrumb\"},\"inLanguage\":\"en-US\",\"potentialAction\":[{\"@type\":\"ReadAction\",\"target\":[\"https:\/\/mtp-tours.com\/fatima-onde-a-fe-e-a-historia-se-encontram-em-portugal\/\"]}]},{\"@type\":\"ImageObject\",\"inLanguage\":\"en-US\",\"@id\":\"https:\/\/mtp-tours.com\/fatima-onde-a-fe-e-a-historia-se-encontram-em-portugal\/#primaryimage\",\"url\":\"https:\/\/mtp-tours.com\/wp-content\/uploads\/2025\/11\/Imagem-WhatsApp-2025-10-20-as-00.17.21_5b105bed.jpg\",\"contentUrl\":\"https:\/\/mtp-tours.com\/wp-content\/uploads\/2025\/11\/Imagem-WhatsApp-2025-10-20-as-00.17.21_5b105bed.jpg\",\"width\":1600,\"height\":1200},{\"@type\":\"BreadcrumbList\",\"@id\":\"https:\/\/mtp-tours.com\/fatima-onde-a-fe-e-a-historia-se-encontram-em-portugal\/#breadcrumb\",\"itemListElement\":[{\"@type\":\"ListItem\",\"position\":1,\"name\":\"In\u00edcio\",\"item\":\"https:\/\/mtp-tours.com\/\"},{\"@type\":\"ListItem\",\"position\":2,\"name\":\"F\u00e1tima: Onde a F\u00e9 e a Hist\u00f3ria se encontram em Portugal\"}]},{\"@type\":\"WebSite\",\"@id\":\"https:\/\/mtp-tours.com\/#website\",\"url\":\"https:\/\/mtp-tours.com\/\",\"name\":\"Meet the Portuguese\",\"description\":\"Descubra o Portugal aut\u00eantico com guias locais. Tours privados em Lisboa, Sintra, Alentejo, Arr\u00e1bida e mais. Experi\u00eancias \u00fanicas de cultura e gastronomia.\",\"publisher\":{\"@id\":\"https:\/\/mtp-tours.com\/#organization\"},\"potentialAction\":[{\"@type\":\"SearchAction\",\"target\":{\"@type\":\"EntryPoint\",\"urlTemplate\":\"https:\/\/mtp-tours.com\/?s={search_term_string}\"},\"query-input\":{\"@type\":\"PropertyValueSpecification\",\"valueRequired\":true,\"valueName\":\"search_term_string\"}}],\"inLanguage\":\"en-US\"},{\"@type\":\"Organization\",\"@id\":\"https:\/\/mtp-tours.com\/#organization\",\"name\":\"Meet the Portuguese\",\"url\":\"https:\/\/mtp-tours.com\/\",\"logo\":{\"@type\":\"ImageObject\",\"inLanguage\":\"en-US\",\"@id\":\"https:\/\/mtp-tours.com\/#\/schema\/logo\/image\/\",\"url\":\"https:\/\/mtp-tours.com\/wp-content\/uploads\/2025\/11\/logo.png\",\"contentUrl\":\"https:\/\/mtp-tours.com\/wp-content\/uploads\/2025\/11\/logo.png\",\"width\":600,\"height\":238,\"caption\":\"Meet the Portuguese\"},\"image\":{\"@id\":\"https:\/\/mtp-tours.com\/#\/schema\/logo\/image\/\"},\"sameAs\":[\"https:\/\/www.facebook.com\/mtptours\/\",\"https:\/\/www.instagram.com\/mtptours\",\"https:\/\/www.youtube.com\/@MeetthePortuguese\",\"https:\/\/www.tiktok.com\/@mtptours\",\"https:\/\/www.linkedin.com\/company\/mtp-tours\/\"]},{\"@type\":\"Person\",\"@id\":\"https:\/\/mtp-tours.com\/#\/schema\/person\/1618d5054a26a048bf1c54a47e93e8f3\",\"name\":\"Nuno Ferreira\",\"image\":{\"@type\":\"ImageObject\",\"inLanguage\":\"en-US\",\"@id\":\"https:\/\/secure.gravatar.com\/avatar\/f967cab7e7664828e469077c2bd8664e1f8e9bf4bb43a9c8958acdc5cdb970a0?s=96&d=mm&r=g\",\"url\":\"https:\/\/secure.gravatar.com\/avatar\/f967cab7e7664828e469077c2bd8664e1f8e9bf4bb43a9c8958acdc5cdb970a0?s=96&d=mm&r=g\",\"contentUrl\":\"https:\/\/secure.gravatar.com\/avatar\/f967cab7e7664828e469077c2bd8664e1f8e9bf4bb43a9c8958acdc5cdb970a0?s=96&d=mm&r=g\",\"caption\":\"Nuno Ferreira\"}}]}<\/script>\n<!-- \/ Yoast SEO plugin. -->","yoast_head_json":{"title":"F\u00e1tima \u2014 Where Faith and History Meet in Portugal | Meet the Portuguese","description":"Complete guide to F\u00e1tima: history of the 1917 apparitions, Sanctuary, pilgrimages and what to visit. All about Portugal's biggest faith destination.","robots":{"index":"index","follow":"follow","max-snippet":"max-snippet:-1","max-image-preview":"max-image-preview:large","max-video-preview":"max-video-preview:-1"},"canonical":"https:\/\/mtp-tours.com\/en\/fatima-where-faith-and-history-meet-in-portugal\/","og_locale":"en_US","og_type":"article","og_title":"F\u00e1tima \u2014 Onde a F\u00e9 e a Hist\u00f3ria se Encontram em Portugal | Meet the Portuguese","og_description":"Guia completo de F\u00e1tima: hist\u00f3ria das apari\u00e7\u00f5es de 1917, Santu\u00e1rio, peregrina\u00e7\u00f5es e o que visitar. Tudo sobre o maior destino de f\u00e9 em Portugal.","og_url":"https:\/\/mtp-tours.com\/en\/fatima-where-faith-and-history-meet-in-portugal\/","og_site_name":"Meet the Portuguese","article_publisher":"https:\/\/www.facebook.com\/mtptours\/","article_published_time":"2026-01-12T08:09:35+00:00","article_modified_time":"2026-03-06T11:55:59+00:00","og_image":[{"width":1600,"height":1200,"url":"https:\/\/mtp-tours.com\/wp-content\/uploads\/2025\/11\/Imagem-WhatsApp-2025-10-20-as-00.17.21_5b105bed.jpg","type":"image\/jpeg"}],"author":"Nuno Ferreira","twitter_card":"summary_large_image","twitter_misc":{"Written by":"Nuno Ferreira","Est. reading time":"4 minutes"},"schema":{"@context":"https:\/\/schema.org","@graph":[{"@type":"Article","@id":"https:\/\/mtp-tours.com\/fatima-onde-a-fe-e-a-historia-se-encontram-em-portugal\/#article","isPartOf":{"@id":"https:\/\/mtp-tours.com\/fatima-onde-a-fe-e-a-historia-se-encontram-em-portugal\/"},"author":{"name":"Nuno Ferreira","@id":"https:\/\/mtp-tours.com\/#\/schema\/person\/1618d5054a26a048bf1c54a47e93e8f3"},"headline":"F\u00e1tima: Onde a F\u00e9 e a Hist\u00f3ria se encontram em Portugal","datePublished":"2026-01-12T08:09:35+00:00","dateModified":"2026-03-06T11:55:59+00:00","mainEntityOfPage":{"@id":"https:\/\/mtp-tours.com\/fatima-onde-a-fe-e-a-historia-se-encontram-em-portugal\/"},"wordCount":483,"commentCount":0,"publisher":{"@id":"https:\/\/mtp-tours.com\/#organization"},"image":{"@id":"https:\/\/mtp-tours.com\/fatima-onde-a-fe-e-a-historia-se-encontram-em-portugal\/#primaryimage"},"thumbnailUrl":"https:\/\/mtp-tours.com\/wp-content\/uploads\/2025\/11\/Imagem-WhatsApp-2025-10-20-as-00.17.21_5b105bed.jpg","keywords":["destino"],"articleSection":["F\u00e1tima"],"inLanguage":"en-US","potentialAction":[{"@type":"CommentAction","name":"Comment","target":["https:\/\/mtp-tours.com\/fatima-onde-a-fe-e-a-historia-se-encontram-em-portugal\/#respond"]}]},{"@type":"WebPage","@id":"https:\/\/mtp-tours.com\/fatima-onde-a-fe-e-a-historia-se-encontram-em-portugal\/","url":"https:\/\/mtp-tours.com\/fatima-onde-a-fe-e-a-historia-se-encontram-em-portugal\/","name":"F\u00e1tima \u2014 Where Faith and History Meet in Portugal | Meet the Portuguese","isPartOf":{"@id":"https:\/\/mtp-tours.com\/#website"},"primaryImageOfPage":{"@id":"https:\/\/mtp-tours.com\/fatima-onde-a-fe-e-a-historia-se-encontram-em-portugal\/#primaryimage"},"image":{"@id":"https:\/\/mtp-tours.com\/fatima-onde-a-fe-e-a-historia-se-encontram-em-portugal\/#primaryimage"},"thumbnailUrl":"https:\/\/mtp-tours.com\/wp-content\/uploads\/2025\/11\/Imagem-WhatsApp-2025-10-20-as-00.17.21_5b105bed.jpg","datePublished":"2026-01-12T08:09:35+00:00","dateModified":"2026-03-06T11:55:59+00:00","description":"Complete guide to F\u00e1tima: history of the 1917 apparitions, Sanctuary, pilgrimages and what to visit. All about Portugal's biggest faith destination.","breadcrumb":{"@id":"https:\/\/mtp-tours.com\/fatima-onde-a-fe-e-a-historia-se-encontram-em-portugal\/#breadcrumb"},"inLanguage":"en-US","potentialAction":[{"@type":"ReadAction","target":["https:\/\/mtp-tours.com\/fatima-onde-a-fe-e-a-historia-se-encontram-em-portugal\/"]}]},{"@type":"ImageObject","inLanguage":"en-US","@id":"https:\/\/mtp-tours.com\/fatima-onde-a-fe-e-a-historia-se-encontram-em-portugal\/#primaryimage","url":"https:\/\/mtp-tours.com\/wp-content\/uploads\/2025\/11\/Imagem-WhatsApp-2025-10-20-as-00.17.21_5b105bed.jpg","contentUrl":"https:\/\/mtp-tours.com\/wp-content\/uploads\/2025\/11\/Imagem-WhatsApp-2025-10-20-as-00.17.21_5b105bed.jpg","width":1600,"height":1200},{"@type":"BreadcrumbList","@id":"https:\/\/mtp-tours.com\/fatima-onde-a-fe-e-a-historia-se-encontram-em-portugal\/#breadcrumb","itemListElement":[{"@type":"ListItem","position":1,"name":"In\u00edcio","item":"https:\/\/mtp-tours.com\/"},{"@type":"ListItem","position":2,"name":"F\u00e1tima: Onde a F\u00e9 e a Hist\u00f3ria se encontram em Portugal"}]},{"@type":"WebSite","@id":"https:\/\/mtp-tours.com\/#website","url":"https:\/\/mtp-tours.com\/","name":"Meet the Portuguese","description":"Discover authentic Portugal with local guides. Private tours in Lisbon, Sintra, Alentejo, Arr\u00e1bida and more. Unique cultural and gastronomic experiences.","publisher":{"@id":"https:\/\/mtp-tours.com\/#organization"},"potentialAction":[{"@type":"SearchAction","target":{"@type":"EntryPoint","urlTemplate":"https:\/\/mtp-tours.com\/?s={search_term_string}"},"query-input":{"@type":"PropertyValueSpecification","valueRequired":true,"valueName":"search_term_string"}}],"inLanguage":"en-US"},{"@type":"Organization","@id":"https:\/\/mtp-tours.com\/#organization","name":"Meet the Portuguese","url":"https:\/\/mtp-tours.com\/","logo":{"@type":"ImageObject","inLanguage":"en-US","@id":"https:\/\/mtp-tours.com\/#\/schema\/logo\/image\/","url":"https:\/\/mtp-tours.com\/wp-content\/uploads\/2025\/11\/logo.png","contentUrl":"https:\/\/mtp-tours.com\/wp-content\/uploads\/2025\/11\/logo.png","width":600,"height":238,"caption":"Meet the Portuguese"},"image":{"@id":"https:\/\/mtp-tours.com\/#\/schema\/logo\/image\/"},"sameAs":["https:\/\/www.facebook.com\/mtptours\/","https:\/\/www.instagram.com\/mtptours","https:\/\/www.youtube.com\/@MeetthePortuguese","https:\/\/www.tiktok.com\/@mtptours","https:\/\/www.linkedin.com\/company\/mtp-tours\/"]},{"@type":"Person","@id":"https:\/\/mtp-tours.com\/#\/schema\/person\/1618d5054a26a048bf1c54a47e93e8f3","name":"Nuno Ferreira","image":{"@type":"ImageObject","inLanguage":"en-US","@id":"https:\/\/secure.gravatar.com\/avatar\/f967cab7e7664828e469077c2bd8664e1f8e9bf4bb43a9c8958acdc5cdb970a0?s=96&d=mm&r=g","url":"https:\/\/secure.gravatar.com\/avatar\/f967cab7e7664828e469077c2bd8664e1f8e9bf4bb43a9c8958acdc5cdb970a0?s=96&d=mm&r=g","contentUrl":"https:\/\/secure.gravatar.com\/avatar\/f967cab7e7664828e469077c2bd8664e1f8e9bf4bb43a9c8958acdc5cdb970a0?s=96&d=mm&r=g","caption":"Nuno Ferreira"}}]}},"_links":{"self":[{"href":"https:\/\/mtp-tours.com\/en\/wp-json\/wp\/v2\/posts\/18809","targetHints":{"allow":["GET"]}}],"collection":[{"href":"https:\/\/mtp-tours.com\/en\/wp-json\/wp\/v2\/posts"}],"about":[{"href":"https:\/\/mtp-tours.com\/en\/wp-json\/wp\/v2\/types\/post"}],"author":[{"embeddable":true,"href":"https:\/\/mtp-tours.com\/en\/wp-json\/wp\/v2\/users\/5"}],"replies":[{"embeddable":true,"href":"https:\/\/mtp-tours.com\/en\/wp-json\/wp\/v2\/comments?post=18809"}],"version-history":[{"count":5,"href":"https:\/\/mtp-tours.com\/en\/wp-json\/wp\/v2\/posts\/18809\/revisions"}],"predecessor-version":[{"id":23509,"href":"https:\/\/mtp-tours.com\/en\/wp-json\/wp\/v2\/posts\/18809\/revisions\/23509"}],"wp:featuredmedia":[{"embeddable":true,"href":"https:\/\/mtp-tours.com\/en\/wp-json\/wp\/v2\/media\/22173"}],"wp:attachment":[{"href":"https:\/\/mtp-tours.com\/en\/wp-json\/wp\/v2\/media?parent=18809"}],"wp:term":[{"taxonomy":"category","embeddable":true,"href":"https:\/\/mtp-tours.com\/en\/wp-json\/wp\/v2\/categories?post=18809"},{"taxonomy":"post_tag","embeddable":true,"href":"https:\/\/mtp-tours.com\/en\/wp-json\/wp\/v2\/tags?post=18809"}],"curies":[{"name":"wp","href":"https:\/\/api.w.org\/{rel}","templated":true}]}}