{"id":23312,"date":"2026-01-23T19:03:40","date_gmt":"2026-01-23T19:03:40","guid":{"rendered":"https:\/\/mtp-tours.com\/?p=23312"},"modified":"2026-03-06T11:55:59","modified_gmt":"2026-03-06T11:55:59","slug":"alentejo-time-stops-in-the-soul-of-portugal","status":"publish","type":"post","link":"https:\/\/mtp-tours.com\/en\/alentejo-o-tempo-para-na-alma-de-portugal\/","title":{"rendered":"Alentejo: time stands still in the soul of Portugal"},"content":{"rendered":"<p class=\"translation-block\"><a href=\"\/en\/tour\/alentejo-tradition-history-and-flavors\/\" target=\"_self\">Alentejo<\/a> is the opposite of haste. It doesn't impress at first glance or explain itself in half a dozen photographs. It's a region that demands time, attention and presence. Here, the pace slows naturally and the experience begins the moment you cross the Tagus and the horizon opens up.<\/p>\n\n\n\n<p>It's a broad, silent Portugal, deeply connected to the land. A place where distances are measured more by time than by kilometers, and where living slowly isn't a trend - it's simply the way it's always been.<\/p>\n\n\n\n<h2 class=\"wp-block-heading\">The healing landscape<\/h2>\n\n\n\n<p class=\"translation-block\"><a href=\"\/en\/tour\/alentejo-tradition-history-and-flavors\/\" target=\"_self\">Alentejo<\/a> doesn't impress with its dramatic grandeur. It impresses with its serene vastness, the way the landscape stretches as far as the eye can see, only interrupted by a traditional hill here, a winery there, a flock of sheep grazing in the distance. It's a landscape that demands deceleration, that doesn't allow itself to be consumed in a hurry, that reveals its beauty only to those who are willing to contemplate it.<\/p>\n\n\n\n<p>The wheat fields wave in the wind like a golden sea. The cork oak forests - where the cork that made the region world famous comes from - create cozy shadows where the cattle seek refuge on hot summer afternoons. And when the sun begins to descend, the light transforms everything into shades of gold and amber that no photograph can truly capture.<\/p>\n\n\n\n<figure class=\"wp-block-gallery has-nested-images columns-default is-cropped wp-block-gallery-1 is-layout-flex wp-block-gallery-is-layout-flex\">\n<figure class=\"wp-block-image size-large\"><img fetchpriority=\"high\" decoding=\"async\" width=\"1024\" height=\"683\" data-id=\"21890\" src=\"https:\/\/mtp-tours.com\/wp-content\/uploads\/2025\/11\/Montado-apanha-Cortica-1024x683.jpg\" alt=\"\" class=\"wp-image-21890\" srcset=\"https:\/\/mtp-tours.com\/wp-content\/uploads\/2025\/11\/Montado-apanha-Cortica-1024x683.jpg 1024w, https:\/\/mtp-tours.com\/wp-content\/uploads\/2025\/11\/Montado-apanha-Cortica-300x200.jpg 300w, https:\/\/mtp-tours.com\/wp-content\/uploads\/2025\/11\/Montado-apanha-Cortica-768x512.jpg 768w, https:\/\/mtp-tours.com\/wp-content\/uploads\/2025\/11\/Montado-apanha-Cortica-18x12.jpg 18w, https:\/\/mtp-tours.com\/wp-content\/uploads\/2025\/11\/Montado-apanha-Cortica-600x400.jpg 600w, https:\/\/mtp-tours.com\/wp-content\/uploads\/2025\/11\/Montado-apanha-Cortica.jpg 1200w\" sizes=\"(max-width: 1024px) 100vw, 1024px\" \/><\/figure>\n\n\n\n<figure class=\"wp-block-image size-large\"><img decoding=\"async\" width=\"1024\" height=\"683\" data-id=\"21892\" src=\"https:\/\/mtp-tours.com\/wp-content\/uploads\/2025\/11\/Oliveira-1024x683.jpg\" alt=\"\" class=\"wp-image-21892\" srcset=\"https:\/\/mtp-tours.com\/wp-content\/uploads\/2025\/11\/Oliveira-1024x683.jpg 1024w, https:\/\/mtp-tours.com\/wp-content\/uploads\/2025\/11\/Oliveira-300x200.jpg 300w, https:\/\/mtp-tours.com\/wp-content\/uploads\/2025\/11\/Oliveira-768x512.jpg 768w, https:\/\/mtp-tours.com\/wp-content\/uploads\/2025\/11\/Oliveira-1536x1024.jpg 1536w, https:\/\/mtp-tours.com\/wp-content\/uploads\/2025\/11\/Oliveira-2048x1365.jpg 2048w, https:\/\/mtp-tours.com\/wp-content\/uploads\/2025\/11\/Oliveira-18x12.jpg 18w, https:\/\/mtp-tours.com\/wp-content\/uploads\/2025\/11\/Oliveira-600x400.jpg 600w\" sizes=\"(max-width: 1024px) 100vw, 1024px\" \/><\/figure>\n\n\n\n<figure class=\"wp-block-image size-large\"><img decoding=\"async\" width=\"1024\" height=\"898\" data-id=\"21869\" src=\"https:\/\/mtp-tours.com\/wp-content\/uploads\/2025\/11\/Alentejo-4-1024x898.jpeg\" alt=\"\" class=\"wp-image-21869\" srcset=\"https:\/\/mtp-tours.com\/wp-content\/uploads\/2025\/11\/Alentejo-4-1024x898.jpeg 1024w, https:\/\/mtp-tours.com\/wp-content\/uploads\/2025\/11\/Alentejo-4-300x263.jpeg 300w, https:\/\/mtp-tours.com\/wp-content\/uploads\/2025\/11\/Alentejo-4-768x674.jpeg 768w, https:\/\/mtp-tours.com\/wp-content\/uploads\/2025\/11\/Alentejo-4-14x12.jpeg 14w, https:\/\/mtp-tours.com\/wp-content\/uploads\/2025\/11\/Alentejo-4-600x526.jpeg 600w, https:\/\/mtp-tours.com\/wp-content\/uploads\/2025\/11\/Alentejo-4.jpeg 1500w\" sizes=\"(max-width: 1024px) 100vw, 1024px\" \/><\/figure>\n<\/figure>\n\n\n\n<h2 class=\"wp-block-heading\">Gastronomy: generosity at the table<\/h2>\n\n\n\n<p class=\"translation-block\">In <a href=\"\/en\/tour\/alentejo-tradition-history-and-flavors\/\" target=\"_self\">Alentejo<\/a>, eating is sharing. Gastronomy is born from the land, from necessity and from the wisdom accumulated over time. Nothing is excessive, but everything is done with intention.  Recipes are passed down from grandparents to grandchildren, kept as family treasures.<\/p>\n\n\n\n<p class=\"translation-block\">A\u00e7ordas and migas, born out the need not to waste bread, have become dishes of absolute comfort. The Alentejo black pig, raised free in the wild, offers meat with an incomparable flavor. Cheeses from Serpa and <a href=\"\/en\/tour\/evora-history-flavors\/\" target=\"_self\">\u00c9vora<\/a>, cured to perfection, require just a drizzle of honey and a glass of local wine to become delicacies.<\/p>\n\n\n\n<p class=\"translation-block\">And speaking of wine: <a href=\"\/en\/tour\/alentejo-tradition-history-and-flavors\/\" target=\"_self\">Alentejo<\/a> has established itself as one of the great wine regions of <a href=\"\/en\/tours\/\" target=\"_self\">Portugal<\/a>. From large estates to small family producers, there are wines to suit all tastes - full-bodied reds that tell stories of hot summers, fresh whites that surprise with their elegance, and that ancestral carved wine that is produced as it was two thousand years ago.<\/p>\n\n\n\n<blockquote class=\"wp-block-quote has-background is-layout-flow wp-block-quote-is-layout-flow\" style=\"background-color:#effbff\">\n<p><em>\u201cHere, meals are not rushed. They are moments of conviviality, conversation and pause - just like everything else.\u201d<\/em><\/p>\n<\/blockquote>\n\n\n\n<h2 class=\"wp-block-heading\">Villages that tell stories<\/h2>\n\n\n\n<p class=\"translation-block\">The villages of Alentejo are living postcards of a <a href=\"\/en\/tours\/\" target=\"_self\">Portugal<\/a> that resists the modern rush. <a href=\"\/en\/tour\/evora-history-flavors\/\" target=\"_self\">\u00c9vora, a UNESCO world heritage site<\/a>, holds a Roman temple, a medieval cathedral and a history that spans millennia. Monsaraz, perched on a hill above Alqueva, appears to have stopped in medieval times, with its intact walls and dirt streets.<\/p>\n\n\n\n<p class=\"translation-block\">Alentejo towns maintain a strong and recognizable identity. Narrow streets, white houses, castles at the highest point and a clear connection with the past. Marv\u00e3o, <a href=\"\/en\/tour\/alentejo-tradition-history-and-flavors\/\" target=\"_self\">Estremoz<\/a>, Vila Vi\u00e7osa, <a href=\"\/en\/tour\/alentejo-tradition-history-and-flavors\/\" target=\"_self\">Arraiolos<\/a> \u2014 each village has its personality, its crafts, its gastronomic specialty, its story to tell. And in all of them, one finds the same warm hospitality, the same genuine joy in welcoming those who come from abroad.<\/p>\n\n\n\n<figure class=\"wp-block-gallery has-nested-images columns-default is-cropped wp-block-gallery-2 is-layout-flex wp-block-gallery-is-layout-flex\">\n<figure class=\"wp-block-image size-large\"><img loading=\"lazy\" decoding=\"async\" width=\"552\" height=\"1024\" data-id=\"23566\" src=\"https:\/\/mtp-tours.com\/wp-content\/uploads\/2026\/02\/Rustic-552x1024.jpeg\" alt=\"\" class=\"wp-image-23566\" srcset=\"https:\/\/mtp-tours.com\/wp-content\/uploads\/2026\/02\/Rustic-552x1024.jpeg 552w, https:\/\/mtp-tours.com\/wp-content\/uploads\/2026\/02\/Rustic-162x300.jpeg 162w, https:\/\/mtp-tours.com\/wp-content\/uploads\/2026\/02\/Rustic-768x1425.jpeg 768w, https:\/\/mtp-tours.com\/wp-content\/uploads\/2026\/02\/Rustic-828x1536.jpeg 828w, https:\/\/mtp-tours.com\/wp-content\/uploads\/2026\/02\/Rustic-1103x2048.jpeg 1103w, https:\/\/mtp-tours.com\/wp-content\/uploads\/2026\/02\/Rustic-6x12.jpeg 6w, https:\/\/mtp-tours.com\/wp-content\/uploads\/2026\/02\/Rustic-600x1114.jpeg 600w, https:\/\/mtp-tours.com\/wp-content\/uploads\/2026\/02\/Rustic-scaled.jpeg 1379w\" sizes=\"(max-width: 552px) 100vw, 552px\" \/><\/figure>\n\n\n\n<figure class=\"wp-block-image size-large\"><img loading=\"lazy\" decoding=\"async\" width=\"747\" height=\"1024\" data-id=\"23565\" src=\"https:\/\/mtp-tours.com\/wp-content\/uploads\/2026\/02\/Nisa-747x1024.jpg\" alt=\"\" class=\"wp-image-23565\" srcset=\"https:\/\/mtp-tours.com\/wp-content\/uploads\/2026\/02\/Nisa-747x1024.jpg 747w, https:\/\/mtp-tours.com\/wp-content\/uploads\/2026\/02\/Nisa-219x300.jpg 219w, https:\/\/mtp-tours.com\/wp-content\/uploads\/2026\/02\/Nisa-768x1053.jpg 768w, https:\/\/mtp-tours.com\/wp-content\/uploads\/2026\/02\/Nisa-1121x1536.jpg 1121w, https:\/\/mtp-tours.com\/wp-content\/uploads\/2026\/02\/Nisa-9x12.jpg 9w, https:\/\/mtp-tours.com\/wp-content\/uploads\/2026\/02\/Nisa-600x822.jpg 600w, https:\/\/mtp-tours.com\/wp-content\/uploads\/2026\/02\/Nisa.jpg 1443w\" sizes=\"(max-width: 747px) 100vw, 747px\" \/><\/figure>\n\n\n\n<figure class=\"wp-block-image size-full\"><img loading=\"lazy\" decoding=\"async\" width=\"819\" height=\"1024\" data-id=\"23564\" src=\"https:\/\/mtp-tours.com\/wp-content\/uploads\/2026\/02\/Alqueva-DARK-SKY_03.jpg\" alt=\"\" class=\"wp-image-23564\" srcset=\"https:\/\/mtp-tours.com\/wp-content\/uploads\/2026\/02\/Alqueva-DARK-SKY_03.jpg 819w, https:\/\/mtp-tours.com\/wp-content\/uploads\/2026\/02\/Alqueva-DARK-SKY_03-240x300.jpg 240w, https:\/\/mtp-tours.com\/wp-content\/uploads\/2026\/02\/Alqueva-DARK-SKY_03-768x960.jpg 768w, https:\/\/mtp-tours.com\/wp-content\/uploads\/2026\/02\/Alqueva-DARK-SKY_03-10x12.jpg 10w, https:\/\/mtp-tours.com\/wp-content\/uploads\/2026\/02\/Alqueva-DARK-SKY_03-600x750.jpg 600w\" sizes=\"(max-width: 819px) 100vw, 819px\" \/><\/figure>\n\n\n\n<figure class=\"wp-block-image size-large\"><img loading=\"lazy\" decoding=\"async\" width=\"1024\" height=\"637\" data-id=\"21882\" src=\"https:\/\/mtp-tours.com\/wp-content\/uploads\/2025\/11\/Marvao-Alentejo-1024x637.jpg\" alt=\"\" class=\"wp-image-21882\" srcset=\"https:\/\/mtp-tours.com\/wp-content\/uploads\/2025\/11\/Marvao-Alentejo-1024x637.jpg 1024w, https:\/\/mtp-tours.com\/wp-content\/uploads\/2025\/11\/Marvao-Alentejo-300x187.jpg 300w, https:\/\/mtp-tours.com\/wp-content\/uploads\/2025\/11\/Marvao-Alentejo-768x478.jpg 768w, https:\/\/mtp-tours.com\/wp-content\/uploads\/2025\/11\/Marvao-Alentejo-1536x956.jpg 1536w, https:\/\/mtp-tours.com\/wp-content\/uploads\/2025\/11\/Marvao-Alentejo-18x12.jpg 18w, https:\/\/mtp-tours.com\/wp-content\/uploads\/2025\/11\/Marvao-Alentejo-600x373.jpg 600w, https:\/\/mtp-tours.com\/wp-content\/uploads\/2025\/11\/Marvao-Alentejo.jpg 1900w\" sizes=\"(max-width: 1024px) 100vw, 1024px\" \/><\/figure>\n<\/figure>\n\n\n\n<h2 class=\"wp-block-heading\">Cante Alentejano: the collective voice born of the land<\/h2>\n\n\n\n<p>Cante Alentejano was born on the plains of the Alentejo, sung in groups by rural workers as a form of sharing, resistance and identity, becoming one of the deepest pillars of Alentejo culture. Recognized as Intangible Cultural Heritage of Humanity by UNESCO, it is a unique expression where the human voice replaces instruments and preserves the collective memory of the people.<\/p>\n\n\n\n<iframe width=\"100%\" height=\"166\" scrolling=\"no\" frameborder=\"no\" allow=\"autoplay\" src=\"https:\/\/w.soundcloud.com\/player\/?url=https%3A\/\/api.soundcloud.com\/tracks\/soundcloud%253Atracks%253A156300662&#038;color=%23ff5500&#038;auto_play=false&#038;hide_related=false&#038;show_comments=true&#038;show_user=true&#038;show_reposts=false&#038;show_teaser=true\"><\/iframe><div style=\"font-size: 10px; color: #cccccc;line-break: anywhere;word-break: normal;overflow: hidden;white-space: nowrap;text-overflow: ellipsis; font-family: Interstate,Lucida Grande,Lucida Sans Unicode,Lucida Sans,Garuda,Verdana,Tahoma,sans-serif;font-weight: 100;\"><a href=\"https:\/\/soundcloud.com\/as-vozes-do-alentejo\" title=\"The Voices of Alentejo\" target=\"_blank\" style=\"color: #cccccc; text-decoration: none;\">The Voices of Alentejo<\/a> \u00b7 <a href=\"https:\/\/soundcloud.com\/as-vozes-do-alentejo\/fui-colher-uma-roma\" title=\"I went to pick a pomegranate\" target=\"_blank\" style=\"color: #cccccc; text-decoration: none;\">I went to pick a pomegranate<\/a><\/div>\n\n\n\n<h2 class=\"wp-block-heading\">The luxury of silence<\/h2>\n\n\n\n<p class=\"translation-block\">In a world saturated with stimuli and constant noise, <a href=\"\/en\/tour\/alentejo-tradition-history-and-flavors\/\" target=\"_self\">Alentejo<\/a>  offers an increasingly rare luxury: silence. Starry nights without light pollution, where the Milky Way is revealed in all its splendor. Mornings when the only sound is the song of cicadas and the distant bell of a church. Afternoons when time stands still and nothing is urgent.<\/p>\n\n\n\n<p>This silence is not absence. It's space. Space to think, to rest and to disconnect from the constant noise of everyday life. Anyone who spends time in the Alentejo feels this difference - not as a spectacle, but as a balance.<\/p>\n\n\n\n<p>The Alentejo is not visited in passing. You live there with time. And that's what makes it so hard to forget.<\/p>\n\n\n\n<p><\/p>","protected":false},"excerpt":{"rendered":"<p class=\"translation-block\"><a href=\"\/en\/tour\/alentejo-tradition-history-and-flavors\/\" target=\"_self\">Alentejo<\/a> is the opposite of haste. It doesn't impress at first glance or explain itself in half a dozen photographs. It's a region that demands time, attention and presence. Here, the pace slows naturally and the experience begins the moment you cross the Tagus and the horizon opens up.<\/p>","protected":false},"author":5,"featured_media":23563,"comment_status":"open","ping_status":"open","sticky":false,"template":"","format":"standard","meta":{"footnotes":""},"categories":[224],"tags":[218],"class_list":["post-23312","post","type-post","status-publish","format-standard","has-post-thumbnail","hentry","category-alentejo","tag-destino","layout-1","product-add-to-cart-ajax"],"yoast_head":"<!-- This site is optimized with the Yoast SEO plugin v27.2 - https:\/\/yoast.com\/product\/yoast-seo-wordpress\/ -->\n<title>Alentejo \u2014 O Tempo P\u00e1ra na Alma de Portugal | Meet the Portuguese<\/title>\n<meta name=\"description\" content=\"Guia completo do Alentejo: paisagens, gastronomia, vinhos, vilas medievais e Cante Alentejano. Descubra a regi\u00e3o mais aut\u00eantica de Portugal.\" \/>\n<meta name=\"robots\" content=\"index, follow, max-snippet:-1, max-image-preview:large, max-video-preview:-1\" \/>\n<link rel=\"canonical\" href=\"https:\/\/mtp-tours.com\/en\/alentejo-time-stops-in-the-soul-of-portugal\/\" \/>\n<meta property=\"og:locale\" content=\"en_US\" \/>\n<meta property=\"og:type\" content=\"article\" \/>\n<meta property=\"og:title\" content=\"Alentejo \u2014 O Tempo P\u00e1ra na Alma de Portugal | Meet the Portuguese\" \/>\n<meta property=\"og:description\" content=\"Guia completo do Alentejo: paisagens, gastronomia, vinhos, vilas medievais e Cante Alentejano. Descubra a regi\u00e3o mais aut\u00eantica de Portugal.\" \/>\n<meta property=\"og:url\" content=\"https:\/\/mtp-tours.com\/en\/alentejo-time-stops-in-the-soul-of-portugal\/\" \/>\n<meta property=\"og:site_name\" content=\"Meet the Portuguese\" \/>\n<meta property=\"article:publisher\" content=\"https:\/\/www.facebook.com\/mtptours\/\" \/>\n<meta property=\"article:published_time\" content=\"2026-01-23T19:03:40+00:00\" \/>\n<meta property=\"article:modified_time\" content=\"2026-03-06T11:55:59+00:00\" \/>\n<meta property=\"og:image\" content=\"https:\/\/mtp-tours.com\/wp-content\/uploads\/2026\/02\/trigo-scaled.jpg\" \/>\n\t<meta property=\"og:image:width\" content=\"2560\" \/>\n\t<meta property=\"og:image:height\" content=\"1707\" \/>\n\t<meta property=\"og:image:type\" content=\"image\/jpeg\" \/>\n<meta name=\"author\" content=\"Nuno Ferreira\" \/>\n<meta name=\"twitter:card\" content=\"summary_large_image\" \/>\n<meta name=\"twitter:label1\" content=\"Written by\" \/>\n\t<meta name=\"twitter:data1\" content=\"Nuno Ferreira\" \/>\n\t<meta name=\"twitter:label2\" content=\"Est. reading time\" \/>\n\t<meta name=\"twitter:data2\" content=\"6 minutes\" \/>\n<script type=\"application\/ld+json\" class=\"yoast-schema-graph\">{\"@context\":\"https:\/\/schema.org\",\"@graph\":[{\"@type\":\"Article\",\"@id\":\"https:\/\/mtp-tours.com\/alentejo-o-tempo-para-na-alma-de-portugal\/#article\",\"isPartOf\":{\"@id\":\"https:\/\/mtp-tours.com\/alentejo-o-tempo-para-na-alma-de-portugal\/\"},\"author\":{\"name\":\"Nuno Ferreira\",\"@id\":\"https:\/\/mtp-tours.com\/#\/schema\/person\/1618d5054a26a048bf1c54a47e93e8f3\"},\"headline\":\"Alentejo: o tempo p\u00e1ra na alma de Portugal\",\"datePublished\":\"2026-01-23T19:03:40+00:00\",\"dateModified\":\"2026-03-06T11:55:59+00:00\",\"mainEntityOfPage\":{\"@id\":\"https:\/\/mtp-tours.com\/alentejo-o-tempo-para-na-alma-de-portugal\/\"},\"wordCount\":793,\"commentCount\":0,\"publisher\":{\"@id\":\"https:\/\/mtp-tours.com\/#organization\"},\"image\":{\"@id\":\"https:\/\/mtp-tours.com\/alentejo-o-tempo-para-na-alma-de-portugal\/#primaryimage\"},\"thumbnailUrl\":\"https:\/\/mtp-tours.com\/wp-content\/uploads\/2026\/02\/trigo-scaled.jpg\",\"keywords\":[\"destino\"],\"articleSection\":[\"Alentejo\"],\"inLanguage\":\"en-US\",\"potentialAction\":[{\"@type\":\"CommentAction\",\"name\":\"Comment\",\"target\":[\"https:\/\/mtp-tours.com\/alentejo-o-tempo-para-na-alma-de-portugal\/#respond\"]}]},{\"@type\":\"WebPage\",\"@id\":\"https:\/\/mtp-tours.com\/alentejo-o-tempo-para-na-alma-de-portugal\/\",\"url\":\"https:\/\/mtp-tours.com\/alentejo-o-tempo-para-na-alma-de-portugal\/\",\"name\":\"Alentejo \u2014 O Tempo P\u00e1ra na Alma de Portugal | Meet the Portuguese\",\"isPartOf\":{\"@id\":\"https:\/\/mtp-tours.com\/#website\"},\"primaryImageOfPage\":{\"@id\":\"https:\/\/mtp-tours.com\/alentejo-o-tempo-para-na-alma-de-portugal\/#primaryimage\"},\"image\":{\"@id\":\"https:\/\/mtp-tours.com\/alentejo-o-tempo-para-na-alma-de-portugal\/#primaryimage\"},\"thumbnailUrl\":\"https:\/\/mtp-tours.com\/wp-content\/uploads\/2026\/02\/trigo-scaled.jpg\",\"datePublished\":\"2026-01-23T19:03:40+00:00\",\"dateModified\":\"2026-03-06T11:55:59+00:00\",\"description\":\"Guia completo do Alentejo: paisagens, gastronomia, vinhos, vilas medievais e Cante Alentejano. Descubra a regi\u00e3o mais aut\u00eantica de Portugal.\",\"breadcrumb\":{\"@id\":\"https:\/\/mtp-tours.com\/alentejo-o-tempo-para-na-alma-de-portugal\/#breadcrumb\"},\"inLanguage\":\"en-US\",\"potentialAction\":[{\"@type\":\"ReadAction\",\"target\":[\"https:\/\/mtp-tours.com\/alentejo-o-tempo-para-na-alma-de-portugal\/\"]}]},{\"@type\":\"ImageObject\",\"inLanguage\":\"en-US\",\"@id\":\"https:\/\/mtp-tours.com\/alentejo-o-tempo-para-na-alma-de-portugal\/#primaryimage\",\"url\":\"https:\/\/mtp-tours.com\/wp-content\/uploads\/2026\/02\/trigo-scaled.jpg\",\"contentUrl\":\"https:\/\/mtp-tours.com\/wp-content\/uploads\/2026\/02\/trigo-scaled.jpg\",\"width\":2560,\"height\":1707},{\"@type\":\"BreadcrumbList\",\"@id\":\"https:\/\/mtp-tours.com\/alentejo-o-tempo-para-na-alma-de-portugal\/#breadcrumb\",\"itemListElement\":[{\"@type\":\"ListItem\",\"position\":1,\"name\":\"In\u00edcio\",\"item\":\"https:\/\/mtp-tours.com\/\"},{\"@type\":\"ListItem\",\"position\":2,\"name\":\"Alentejo: o tempo p\u00e1ra na alma de Portugal\"}]},{\"@type\":\"WebSite\",\"@id\":\"https:\/\/mtp-tours.com\/#website\",\"url\":\"https:\/\/mtp-tours.com\/\",\"name\":\"Meet the Portuguese\",\"description\":\"Descubra o Portugal aut\u00eantico com guias locais. Tours privados em Lisboa, Sintra, Alentejo, Arr\u00e1bida e mais. Experi\u00eancias \u00fanicas de cultura e gastronomia.\",\"publisher\":{\"@id\":\"https:\/\/mtp-tours.com\/#organization\"},\"potentialAction\":[{\"@type\":\"SearchAction\",\"target\":{\"@type\":\"EntryPoint\",\"urlTemplate\":\"https:\/\/mtp-tours.com\/?s={search_term_string}\"},\"query-input\":{\"@type\":\"PropertyValueSpecification\",\"valueRequired\":true,\"valueName\":\"search_term_string\"}}],\"inLanguage\":\"en-US\"},{\"@type\":\"Organization\",\"@id\":\"https:\/\/mtp-tours.com\/#organization\",\"name\":\"Meet the Portuguese\",\"url\":\"https:\/\/mtp-tours.com\/\",\"logo\":{\"@type\":\"ImageObject\",\"inLanguage\":\"en-US\",\"@id\":\"https:\/\/mtp-tours.com\/#\/schema\/logo\/image\/\",\"url\":\"https:\/\/mtp-tours.com\/wp-content\/uploads\/2025\/11\/logo.png\",\"contentUrl\":\"https:\/\/mtp-tours.com\/wp-content\/uploads\/2025\/11\/logo.png\",\"width\":600,\"height\":238,\"caption\":\"Meet the Portuguese\"},\"image\":{\"@id\":\"https:\/\/mtp-tours.com\/#\/schema\/logo\/image\/\"},\"sameAs\":[\"https:\/\/www.facebook.com\/mtptours\/\",\"https:\/\/www.instagram.com\/mtptours\",\"https:\/\/www.youtube.com\/@MeetthePortuguese\",\"https:\/\/www.tiktok.com\/@mtptours\",\"https:\/\/www.linkedin.com\/company\/mtp-tours\/\"]},{\"@type\":\"Person\",\"@id\":\"https:\/\/mtp-tours.com\/#\/schema\/person\/1618d5054a26a048bf1c54a47e93e8f3\",\"name\":\"Nuno Ferreira\",\"image\":{\"@type\":\"ImageObject\",\"inLanguage\":\"en-US\",\"@id\":\"https:\/\/secure.gravatar.com\/avatar\/f967cab7e7664828e469077c2bd8664e1f8e9bf4bb43a9c8958acdc5cdb970a0?s=96&d=mm&r=g\",\"url\":\"https:\/\/secure.gravatar.com\/avatar\/f967cab7e7664828e469077c2bd8664e1f8e9bf4bb43a9c8958acdc5cdb970a0?s=96&d=mm&r=g\",\"contentUrl\":\"https:\/\/secure.gravatar.com\/avatar\/f967cab7e7664828e469077c2bd8664e1f8e9bf4bb43a9c8958acdc5cdb970a0?s=96&d=mm&r=g\",\"caption\":\"Nuno Ferreira\"}}]}<\/script>\n<!-- \/ Yoast SEO plugin. -->","yoast_head_json":{"title":"Alentejo \u2014 Where Time Stands Still in Portugal | Meet the Portuguese","description":"Complete guide to Alentejo: landscapes, gastronomy, wines, medieval villages and Cante Alentejano. Discover Portugal's most authentic region.","robots":{"index":"index","follow":"follow","max-snippet":"max-snippet:-1","max-image-preview":"max-image-preview:large","max-video-preview":"max-video-preview:-1"},"canonical":"https:\/\/mtp-tours.com\/en\/alentejo-time-stops-in-the-soul-of-portugal\/","og_locale":"en_US","og_type":"article","og_title":"Alentejo \u2014 O Tempo P\u00e1ra na Alma de Portugal | Meet the Portuguese","og_description":"Guia completo do Alentejo: paisagens, gastronomia, vinhos, vilas medievais e Cante Alentejano. Descubra a regi\u00e3o mais aut\u00eantica de Portugal.","og_url":"https:\/\/mtp-tours.com\/en\/alentejo-time-stops-in-the-soul-of-portugal\/","og_site_name":"Meet the Portuguese","article_publisher":"https:\/\/www.facebook.com\/mtptours\/","article_published_time":"2026-01-23T19:03:40+00:00","article_modified_time":"2026-03-06T11:55:59+00:00","og_image":[{"width":2560,"height":1707,"url":"https:\/\/mtp-tours.com\/wp-content\/uploads\/2026\/02\/trigo-scaled.jpg","type":"image\/jpeg"}],"author":"Nuno Ferreira","twitter_card":"summary_large_image","twitter_misc":{"Written by":"Nuno Ferreira","Est. reading time":"6 minutes"},"schema":{"@context":"https:\/\/schema.org","@graph":[{"@type":"Article","@id":"https:\/\/mtp-tours.com\/alentejo-o-tempo-para-na-alma-de-portugal\/#article","isPartOf":{"@id":"https:\/\/mtp-tours.com\/alentejo-o-tempo-para-na-alma-de-portugal\/"},"author":{"name":"Nuno Ferreira","@id":"https:\/\/mtp-tours.com\/#\/schema\/person\/1618d5054a26a048bf1c54a47e93e8f3"},"headline":"Alentejo: o tempo p\u00e1ra na alma de Portugal","datePublished":"2026-01-23T19:03:40+00:00","dateModified":"2026-03-06T11:55:59+00:00","mainEntityOfPage":{"@id":"https:\/\/mtp-tours.com\/alentejo-o-tempo-para-na-alma-de-portugal\/"},"wordCount":793,"commentCount":0,"publisher":{"@id":"https:\/\/mtp-tours.com\/#organization"},"image":{"@id":"https:\/\/mtp-tours.com\/alentejo-o-tempo-para-na-alma-de-portugal\/#primaryimage"},"thumbnailUrl":"https:\/\/mtp-tours.com\/wp-content\/uploads\/2026\/02\/trigo-scaled.jpg","keywords":["destino"],"articleSection":["Alentejo"],"inLanguage":"en-US","potentialAction":[{"@type":"CommentAction","name":"Comment","target":["https:\/\/mtp-tours.com\/alentejo-o-tempo-para-na-alma-de-portugal\/#respond"]}]},{"@type":"WebPage","@id":"https:\/\/mtp-tours.com\/alentejo-o-tempo-para-na-alma-de-portugal\/","url":"https:\/\/mtp-tours.com\/alentejo-o-tempo-para-na-alma-de-portugal\/","name":"Alentejo \u2014 Where Time Stands Still in Portugal | Meet the Portuguese","isPartOf":{"@id":"https:\/\/mtp-tours.com\/#website"},"primaryImageOfPage":{"@id":"https:\/\/mtp-tours.com\/alentejo-o-tempo-para-na-alma-de-portugal\/#primaryimage"},"image":{"@id":"https:\/\/mtp-tours.com\/alentejo-o-tempo-para-na-alma-de-portugal\/#primaryimage"},"thumbnailUrl":"https:\/\/mtp-tours.com\/wp-content\/uploads\/2026\/02\/trigo-scaled.jpg","datePublished":"2026-01-23T19:03:40+00:00","dateModified":"2026-03-06T11:55:59+00:00","description":"Complete guide to Alentejo: landscapes, gastronomy, wines, medieval villages and Cante Alentejano. Discover Portugal's most authentic region.","breadcrumb":{"@id":"https:\/\/mtp-tours.com\/alentejo-o-tempo-para-na-alma-de-portugal\/#breadcrumb"},"inLanguage":"en-US","potentialAction":[{"@type":"ReadAction","target":["https:\/\/mtp-tours.com\/alentejo-o-tempo-para-na-alma-de-portugal\/"]}]},{"@type":"ImageObject","inLanguage":"en-US","@id":"https:\/\/mtp-tours.com\/alentejo-o-tempo-para-na-alma-de-portugal\/#primaryimage","url":"https:\/\/mtp-tours.com\/wp-content\/uploads\/2026\/02\/trigo-scaled.jpg","contentUrl":"https:\/\/mtp-tours.com\/wp-content\/uploads\/2026\/02\/trigo-scaled.jpg","width":2560,"height":1707},{"@type":"BreadcrumbList","@id":"https:\/\/mtp-tours.com\/alentejo-o-tempo-para-na-alma-de-portugal\/#breadcrumb","itemListElement":[{"@type":"ListItem","position":1,"name":"In\u00edcio","item":"https:\/\/mtp-tours.com\/"},{"@type":"ListItem","position":2,"name":"Alentejo: o tempo p\u00e1ra na alma de Portugal"}]},{"@type":"WebSite","@id":"https:\/\/mtp-tours.com\/#website","url":"https:\/\/mtp-tours.com\/","name":"Meet the Portuguese","description":"Discover authentic Portugal with local guides. Private tours in Lisbon, Sintra, Alentejo, Arr\u00e1bida and more. Unique cultural and gastronomic experiences.","publisher":{"@id":"https:\/\/mtp-tours.com\/#organization"},"potentialAction":[{"@type":"SearchAction","target":{"@type":"EntryPoint","urlTemplate":"https:\/\/mtp-tours.com\/?s={search_term_string}"},"query-input":{"@type":"PropertyValueSpecification","valueRequired":true,"valueName":"search_term_string"}}],"inLanguage":"en-US"},{"@type":"Organization","@id":"https:\/\/mtp-tours.com\/#organization","name":"Meet the Portuguese","url":"https:\/\/mtp-tours.com\/","logo":{"@type":"ImageObject","inLanguage":"en-US","@id":"https:\/\/mtp-tours.com\/#\/schema\/logo\/image\/","url":"https:\/\/mtp-tours.com\/wp-content\/uploads\/2025\/11\/logo.png","contentUrl":"https:\/\/mtp-tours.com\/wp-content\/uploads\/2025\/11\/logo.png","width":600,"height":238,"caption":"Meet the Portuguese"},"image":{"@id":"https:\/\/mtp-tours.com\/#\/schema\/logo\/image\/"},"sameAs":["https:\/\/www.facebook.com\/mtptours\/","https:\/\/www.instagram.com\/mtptours","https:\/\/www.youtube.com\/@MeetthePortuguese","https:\/\/www.tiktok.com\/@mtptours","https:\/\/www.linkedin.com\/company\/mtp-tours\/"]},{"@type":"Person","@id":"https:\/\/mtp-tours.com\/#\/schema\/person\/1618d5054a26a048bf1c54a47e93e8f3","name":"Nuno Ferreira","image":{"@type":"ImageObject","inLanguage":"en-US","@id":"https:\/\/secure.gravatar.com\/avatar\/f967cab7e7664828e469077c2bd8664e1f8e9bf4bb43a9c8958acdc5cdb970a0?s=96&d=mm&r=g","url":"https:\/\/secure.gravatar.com\/avatar\/f967cab7e7664828e469077c2bd8664e1f8e9bf4bb43a9c8958acdc5cdb970a0?s=96&d=mm&r=g","contentUrl":"https:\/\/secure.gravatar.com\/avatar\/f967cab7e7664828e469077c2bd8664e1f8e9bf4bb43a9c8958acdc5cdb970a0?s=96&d=mm&r=g","caption":"Nuno Ferreira"}}]}},"_links":{"self":[{"href":"https:\/\/mtp-tours.com\/en\/wp-json\/wp\/v2\/posts\/23312","targetHints":{"allow":["GET"]}}],"collection":[{"href":"https:\/\/mtp-tours.com\/en\/wp-json\/wp\/v2\/posts"}],"about":[{"href":"https:\/\/mtp-tours.com\/en\/wp-json\/wp\/v2\/types\/post"}],"author":[{"embeddable":true,"href":"https:\/\/mtp-tours.com\/en\/wp-json\/wp\/v2\/users\/5"}],"replies":[{"embeddable":true,"href":"https:\/\/mtp-tours.com\/en\/wp-json\/wp\/v2\/comments?post=23312"}],"version-history":[{"count":5,"href":"https:\/\/mtp-tours.com\/en\/wp-json\/wp\/v2\/posts\/23312\/revisions"}],"predecessor-version":[{"id":23627,"href":"https:\/\/mtp-tours.com\/en\/wp-json\/wp\/v2\/posts\/23312\/revisions\/23627"}],"wp:featuredmedia":[{"embeddable":true,"href":"https:\/\/mtp-tours.com\/en\/wp-json\/wp\/v2\/media\/23563"}],"wp:attachment":[{"href":"https:\/\/mtp-tours.com\/en\/wp-json\/wp\/v2\/media?parent=23312"}],"wp:term":[{"taxonomy":"category","embeddable":true,"href":"https:\/\/mtp-tours.com\/en\/wp-json\/wp\/v2\/categories?post=23312"},{"taxonomy":"post_tag","embeddable":true,"href":"https:\/\/mtp-tours.com\/en\/wp-json\/wp\/v2\/tags?post=23312"}],"curies":[{"name":"wp","href":"https:\/\/api.w.org\/{rel}","templated":true}]}}