{"id":23314,"date":"2026-01-26T19:04:59","date_gmt":"2026-01-26T19:04:59","guid":{"rendered":"https:\/\/mtp-tours.com\/?p=23314"},"modified":"2026-03-06T11:55:59","modified_gmt":"2026-03-06T11:55:59","slug":"sustainable-tourism-in-portugal-traveling-with-a-conscience","status":"publish","type":"post","link":"https:\/\/mtp-tours.com\/en\/turismo-sustentavel-em-portugal-viajar-com-consciencia\/","title":{"rendered":"Sustainable tourism in Portugal: traveling with a conscience"},"content":{"rendered":"<p>Traveling is a privilege. Getting to know new places, cultures and people enriches us in ways that few other experiences can. But as the world wakes up to the urgency of environmental issues, one question becomes unavoidable: how can we continue to explore the world without destroying it?<\/p>\n\n\n\n<p>The answer is not to stop traveling. It lies in traveling differently - more consciously, more responsibly, more connected to the places and communities we visit. And <a href=\"\/en\/tours\/\">Portugal<\/a>, with its human scale and growing commitment to sustainability, offers the perfect setting for this new way of discovering the world.<\/p>\n\n\n\n<h2 class=\"wp-block-heading\">What is sustainable tourism?<\/h2>\n\n\n\n<p>Sustainable tourism is not just an environmental issue, although this is fundamental. It's an approach that considers three interconnected dimensions: the impact on the environment, the benefit for local communities and the preservation of cultural heritage. It means choosing options that minimize the ecological footprint, that make money circulate in the local economy and that respect the traditions and ways of life of the destinations visited.<\/p>\n\n\n\n<p>In practice, it means preferring low-emission transportation, supporting local businesses rather than big international chains, respecting natural and cultural resources, and seeking out authentic experiences rather than mass-market attractions. Small choices that, multiplied by millions of travelers, make all the difference.<\/p>\n\n\n\n<h2 class=\"wp-block-heading\"><a href=\"\/en\/tours\/\">Portugal<\/a>: a naturally sustainable destination<\/h2>\n\n\n\n<p><a href=\"\/en\/tours\/\">Portugal<\/a> has unique conditions for sustainable tourism. Its compact size makes it possible to explore different regions without having to travel far. The tradition of family hospitality keeps alive a network of local lodgings, family-run restaurants and artisan producers that offer authentic alternatives to mass tourism. And growing environmental awareness has multiplied the options for sustainable mobility.<\/p>\n\n\n\n<p>The network of protected areas - from the Arr\u00e1bida Biosphere Reserve to the Serra da Estrela Natural Park - offers unspoiled nature experiences. Protected designations of origin guarantee quality local products, from wines to cheeses. And more and more tour operators are adopting responsible practices, from electric vehicles to partnerships with local communities.<\/p>\n\n\n\n<figure class=\"wp-block-gallery has-nested-images columns-default is-cropped wp-block-gallery-1 is-layout-flex wp-block-gallery-is-layout-flex\">\n<figure class=\"wp-block-image size-large\"><img fetchpriority=\"high\" decoding=\"async\" width=\"1024\" height=\"683\" data-id=\"22694\" src=\"https:\/\/mtp-tours.com\/wp-content\/uploads\/2025\/11\/2023-Mercedes-Benz-EQV-2-1024x683.jpg\" alt=\"\" class=\"wp-image-22694\" srcset=\"https:\/\/mtp-tours.com\/wp-content\/uploads\/2025\/11\/2023-Mercedes-Benz-EQV-2-1024x683.jpg 1024w, https:\/\/mtp-tours.com\/wp-content\/uploads\/2025\/11\/2023-Mercedes-Benz-EQV-2-300x200.jpg 300w, https:\/\/mtp-tours.com\/wp-content\/uploads\/2025\/11\/2023-Mercedes-Benz-EQV-2-768x512.jpg 768w, https:\/\/mtp-tours.com\/wp-content\/uploads\/2025\/11\/2023-Mercedes-Benz-EQV-2-18x12.jpg 18w, https:\/\/mtp-tours.com\/wp-content\/uploads\/2025\/11\/2023-Mercedes-Benz-EQV-2-600x400.jpg 600w, https:\/\/mtp-tours.com\/wp-content\/uploads\/2025\/11\/2023-Mercedes-Benz-EQV-2.jpg 1500w\" sizes=\"(max-width: 1024px) 100vw, 1024px\" \/><\/figure>\n\n\n\n<figure class=\"wp-block-image size-large\"><img decoding=\"async\" width=\"1024\" height=\"673\" data-id=\"21950\" src=\"https:\/\/mtp-tours.com\/wp-content\/uploads\/2025\/11\/Parque-Natural-da-Arrabia-1024x673.jpg\" alt=\"\" class=\"wp-image-21950\" srcset=\"https:\/\/mtp-tours.com\/wp-content\/uploads\/2025\/11\/Parque-Natural-da-Arrabia-1024x673.jpg 1024w, https:\/\/mtp-tours.com\/wp-content\/uploads\/2025\/11\/Parque-Natural-da-Arrabia-300x197.jpg 300w, https:\/\/mtp-tours.com\/wp-content\/uploads\/2025\/11\/Parque-Natural-da-Arrabia-768x505.jpg 768w, https:\/\/mtp-tours.com\/wp-content\/uploads\/2025\/11\/Parque-Natural-da-Arrabia-1536x1010.jpg 1536w, https:\/\/mtp-tours.com\/wp-content\/uploads\/2025\/11\/Parque-Natural-da-Arrabia-2048x1346.jpg 2048w, https:\/\/mtp-tours.com\/wp-content\/uploads\/2025\/11\/Parque-Natural-da-Arrabia-18x12.jpg 18w, https:\/\/mtp-tours.com\/wp-content\/uploads\/2025\/11\/Parque-Natural-da-Arrabia-600x394.jpg 600w\" sizes=\"(max-width: 1024px) 100vw, 1024px\" \/><\/figure>\n<\/figure>\n\n\n\n<h2 class=\"wp-block-heading\">Choices that make a difference<\/h2>\n\n\n\n<p>Traveling sustainably doesn't require sacrifices - it just requires conscious choices. Opting for a guided tour in an electric vehicle instead of renting a combustion car. Choosing the family restaurant where grandma still cooks traditional recipes instead of the international chain. Buying handicrafts directly from the artisan instead of souvenirs made on the other side of the world.<\/p>\n\n\n\n<p>It also means respecting the rhythms and limits of the places. Visiting outside the high season when possible, avoiding overloading popular destinations. Staying longer in one place rather than rushing between many. Looking for experiences off the beaten track, discovering a <a href=\"\/en\/tours\/\">Portugal<\/a> authenticity that mass tourism rarely achieves.<\/p>\n\n\n\n<blockquote class=\"wp-block-quote has-background is-layout-flow wp-block-quote-is-layout-flow\" style=\"background-color:#effbff\">\n<p><em>\u201cOpt for local handicrafts, made by the people who work them, rather than souvenirs mass-produced elsewhere in the world.\u201d<\/em><\/p>\n<\/blockquote>\n\n\n\n<h2 class=\"wp-block-heading\">The role of the conscious traveler<\/h2>\n\n\n\n<p>Every traveler has power. The power to choose where they spend their money, what kind of experiences they seek, what impact they leave on the places they visit. This power comes with responsibility, but also with an unexpected reward: richer and more meaningful journeys.<\/p>\n\n\n\n<p>Because the truth is that sustainable tourism isn't just better for the planet and local communities. It's also better for the traveler. The most authentic experiences, the most genuine connections, the most lasting memories - almost always come when we get off the beaten track and get really close to the places and the people.<\/p>\n\n\n\n<h2 class=\"wp-block-heading\">A shared commitment<\/h2>\n\n\n\n<p>The future of tourism depends on the choices we make today. Every time we opt for a responsible operator, for local accommodation, for an authentic experience, we are voting for the kind of tourism we want to see thrive. We are ensuring that the magical places we discover today will continue to be available for future generations.<\/p>\n\n\n\n<p><a href=\"\/en\/tours\/\">Portugal<\/a> deserves visitors who respect it as much as it welcomes us. Traveling with awareness is not a limitation - it's a deeper and more rewarding way of discovering this extraordinary country.<\/p>\n\n\n\n<p><\/p>","protected":false},"excerpt":{"rendered":"<p>Traveling is a privilege. Getting to know new places, cultures and people enriches us in ways that few other experiences can. But as the world wakes up to the urgency of environmental issues, one question becomes unavoidable: how can we continue to explore the world without destroying it?<\/p>","protected":false},"author":5,"featured_media":22656,"comment_status":"open","ping_status":"open","sticky":false,"template":"","format":"standard","meta":{"footnotes":""},"categories":[222],"tags":[225],"class_list":["post-23314","post","type-post","status-publish","format-standard","has-post-thumbnail","hentry","category-opiniao","tag-sustentabilidade","layout-1","product-add-to-cart-ajax"],"yoast_head":"<!-- This site is optimized with the Yoast SEO plugin v27.2 - https:\/\/yoast.com\/product\/yoast-seo-wordpress\/ -->\n<title>Turismo Sustent\u00e1vel em Portugal \u2014 Viajar com Consci\u00eancia | Meet the Portuguese<\/title>\n<meta name=\"description\" content=\"Como viajar de forma sustent\u00e1vel em Portugal: ve\u00edculos el\u00e9tricos, restaurantes locais, artesanato e comunidades. Guia para turismo respons\u00e1vel.\" \/>\n<meta name=\"robots\" content=\"index, follow, max-snippet:-1, max-image-preview:large, max-video-preview:-1\" \/>\n<link rel=\"canonical\" href=\"https:\/\/mtp-tours.com\/en\/sustainable-tourism-in-portugal-traveling-with-a-conscience\/\" \/>\n<meta property=\"og:locale\" content=\"en_US\" \/>\n<meta property=\"og:type\" content=\"article\" \/>\n<meta property=\"og:title\" content=\"Turismo Sustent\u00e1vel em Portugal \u2014 Viajar com Consci\u00eancia | Meet the Portuguese\" \/>\n<meta property=\"og:description\" content=\"Como viajar de forma sustent\u00e1vel em Portugal: ve\u00edculos el\u00e9tricos, restaurantes locais, artesanato e comunidades. Guia para turismo respons\u00e1vel.\" \/>\n<meta property=\"og:url\" content=\"https:\/\/mtp-tours.com\/en\/sustainable-tourism-in-portugal-traveling-with-a-conscience\/\" \/>\n<meta property=\"og:site_name\" content=\"Meet the Portuguese\" \/>\n<meta property=\"article:publisher\" content=\"https:\/\/www.facebook.com\/mtptours\/\" \/>\n<meta property=\"article:published_time\" content=\"2026-01-26T19:04:59+00:00\" \/>\n<meta property=\"article:modified_time\" content=\"2026-03-06T11:55:59+00:00\" \/>\n<meta property=\"og:image\" content=\"https:\/\/mtp-tours.com\/wp-content\/uploads\/2025\/11\/Douro-Portugal-scaled.jpg\" \/>\n\t<meta property=\"og:image:width\" content=\"2560\" \/>\n\t<meta property=\"og:image:height\" content=\"1709\" \/>\n\t<meta property=\"og:image:type\" content=\"image\/jpeg\" \/>\n<meta name=\"author\" content=\"Nuno Ferreira\" \/>\n<meta name=\"twitter:card\" content=\"summary_large_image\" \/>\n<meta name=\"twitter:label1\" content=\"Written by\" \/>\n\t<meta name=\"twitter:data1\" content=\"Nuno Ferreira\" \/>\n\t<meta name=\"twitter:label2\" content=\"Est. reading time\" \/>\n\t<meta name=\"twitter:data2\" content=\"5 minutes\" \/>\n<script type=\"application\/ld+json\" class=\"yoast-schema-graph\">{\"@context\":\"https:\/\/schema.org\",\"@graph\":[{\"@type\":\"Article\",\"@id\":\"https:\/\/mtp-tours.com\/turismo-sustentavel-em-portugal-viajar-com-consciencia\/#article\",\"isPartOf\":{\"@id\":\"https:\/\/mtp-tours.com\/turismo-sustentavel-em-portugal-viajar-com-consciencia\/\"},\"author\":{\"name\":\"Nuno Ferreira\",\"@id\":\"https:\/\/mtp-tours.com\/#\/schema\/person\/1618d5054a26a048bf1c54a47e93e8f3\"},\"headline\":\"Turismo sustent\u00e1vel em Portugal: viajar com consci\u00eancia\",\"datePublished\":\"2026-01-26T19:04:59+00:00\",\"dateModified\":\"2026-03-06T11:55:59+00:00\",\"mainEntityOfPage\":{\"@id\":\"https:\/\/mtp-tours.com\/turismo-sustentavel-em-portugal-viajar-com-consciencia\/\"},\"wordCount\":738,\"commentCount\":0,\"publisher\":{\"@id\":\"https:\/\/mtp-tours.com\/#organization\"},\"image\":{\"@id\":\"https:\/\/mtp-tours.com\/turismo-sustentavel-em-portugal-viajar-com-consciencia\/#primaryimage\"},\"thumbnailUrl\":\"https:\/\/mtp-tours.com\/wp-content\/uploads\/2025\/11\/Douro-Portugal-scaled.jpg\",\"keywords\":[\"sustentabilidade\"],\"articleSection\":[\"Opini\u00e3o\"],\"inLanguage\":\"en-US\",\"potentialAction\":[{\"@type\":\"CommentAction\",\"name\":\"Comment\",\"target\":[\"https:\/\/mtp-tours.com\/turismo-sustentavel-em-portugal-viajar-com-consciencia\/#respond\"]}]},{\"@type\":\"WebPage\",\"@id\":\"https:\/\/mtp-tours.com\/turismo-sustentavel-em-portugal-viajar-com-consciencia\/\",\"url\":\"https:\/\/mtp-tours.com\/turismo-sustentavel-em-portugal-viajar-com-consciencia\/\",\"name\":\"Turismo Sustent\u00e1vel em Portugal \u2014 Viajar com Consci\u00eancia | Meet the Portuguese\",\"isPartOf\":{\"@id\":\"https:\/\/mtp-tours.com\/#website\"},\"primaryImageOfPage\":{\"@id\":\"https:\/\/mtp-tours.com\/turismo-sustentavel-em-portugal-viajar-com-consciencia\/#primaryimage\"},\"image\":{\"@id\":\"https:\/\/mtp-tours.com\/turismo-sustentavel-em-portugal-viajar-com-consciencia\/#primaryimage\"},\"thumbnailUrl\":\"https:\/\/mtp-tours.com\/wp-content\/uploads\/2025\/11\/Douro-Portugal-scaled.jpg\",\"datePublished\":\"2026-01-26T19:04:59+00:00\",\"dateModified\":\"2026-03-06T11:55:59+00:00\",\"description\":\"Como viajar de forma sustent\u00e1vel em Portugal: ve\u00edculos el\u00e9tricos, restaurantes locais, artesanato e comunidades. Guia para turismo respons\u00e1vel.\",\"breadcrumb\":{\"@id\":\"https:\/\/mtp-tours.com\/turismo-sustentavel-em-portugal-viajar-com-consciencia\/#breadcrumb\"},\"inLanguage\":\"en-US\",\"potentialAction\":[{\"@type\":\"ReadAction\",\"target\":[\"https:\/\/mtp-tours.com\/turismo-sustentavel-em-portugal-viajar-com-consciencia\/\"]}]},{\"@type\":\"ImageObject\",\"inLanguage\":\"en-US\",\"@id\":\"https:\/\/mtp-tours.com\/turismo-sustentavel-em-portugal-viajar-com-consciencia\/#primaryimage\",\"url\":\"https:\/\/mtp-tours.com\/wp-content\/uploads\/2025\/11\/Douro-Portugal-scaled.jpg\",\"contentUrl\":\"https:\/\/mtp-tours.com\/wp-content\/uploads\/2025\/11\/Douro-Portugal-scaled.jpg\",\"width\":2560,\"height\":1709},{\"@type\":\"BreadcrumbList\",\"@id\":\"https:\/\/mtp-tours.com\/turismo-sustentavel-em-portugal-viajar-com-consciencia\/#breadcrumb\",\"itemListElement\":[{\"@type\":\"ListItem\",\"position\":1,\"name\":\"In\u00edcio\",\"item\":\"https:\/\/mtp-tours.com\/\"},{\"@type\":\"ListItem\",\"position\":2,\"name\":\"Turismo sustent\u00e1vel em Portugal: viajar com consci\u00eancia\"}]},{\"@type\":\"WebSite\",\"@id\":\"https:\/\/mtp-tours.com\/#website\",\"url\":\"https:\/\/mtp-tours.com\/\",\"name\":\"Meet the Portuguese\",\"description\":\"Descubra o Portugal aut\u00eantico com guias locais. Tours privados em Lisboa, Sintra, Alentejo, Arr\u00e1bida e mais. Experi\u00eancias \u00fanicas de cultura e gastronomia.\",\"publisher\":{\"@id\":\"https:\/\/mtp-tours.com\/#organization\"},\"potentialAction\":[{\"@type\":\"SearchAction\",\"target\":{\"@type\":\"EntryPoint\",\"urlTemplate\":\"https:\/\/mtp-tours.com\/?s={search_term_string}\"},\"query-input\":{\"@type\":\"PropertyValueSpecification\",\"valueRequired\":true,\"valueName\":\"search_term_string\"}}],\"inLanguage\":\"en-US\"},{\"@type\":\"Organization\",\"@id\":\"https:\/\/mtp-tours.com\/#organization\",\"name\":\"Meet the Portuguese\",\"url\":\"https:\/\/mtp-tours.com\/\",\"logo\":{\"@type\":\"ImageObject\",\"inLanguage\":\"en-US\",\"@id\":\"https:\/\/mtp-tours.com\/#\/schema\/logo\/image\/\",\"url\":\"https:\/\/mtp-tours.com\/wp-content\/uploads\/2025\/11\/logo.png\",\"contentUrl\":\"https:\/\/mtp-tours.com\/wp-content\/uploads\/2025\/11\/logo.png\",\"width\":600,\"height\":238,\"caption\":\"Meet the Portuguese\"},\"image\":{\"@id\":\"https:\/\/mtp-tours.com\/#\/schema\/logo\/image\/\"},\"sameAs\":[\"https:\/\/www.facebook.com\/mtptours\/\",\"https:\/\/www.instagram.com\/mtptours\",\"https:\/\/www.youtube.com\/@MeetthePortuguese\",\"https:\/\/www.tiktok.com\/@mtptours\",\"https:\/\/www.linkedin.com\/company\/mtp-tours\/\"]},{\"@type\":\"Person\",\"@id\":\"https:\/\/mtp-tours.com\/#\/schema\/person\/1618d5054a26a048bf1c54a47e93e8f3\",\"name\":\"Nuno Ferreira\",\"image\":{\"@type\":\"ImageObject\",\"inLanguage\":\"en-US\",\"@id\":\"https:\/\/secure.gravatar.com\/avatar\/f967cab7e7664828e469077c2bd8664e1f8e9bf4bb43a9c8958acdc5cdb970a0?s=96&d=mm&r=g\",\"url\":\"https:\/\/secure.gravatar.com\/avatar\/f967cab7e7664828e469077c2bd8664e1f8e9bf4bb43a9c8958acdc5cdb970a0?s=96&d=mm&r=g\",\"contentUrl\":\"https:\/\/secure.gravatar.com\/avatar\/f967cab7e7664828e469077c2bd8664e1f8e9bf4bb43a9c8958acdc5cdb970a0?s=96&d=mm&r=g\",\"caption\":\"Nuno Ferreira\"}}]}<\/script>\n<!-- \/ Yoast SEO plugin. -->","yoast_head_json":{"title":"Sustainable Tourism in Portugal \u2014 Travel with Conscience | Meet the Portuguese","description":"How to travel sustainably in Portugal: electric vehicles, local restaurants, crafts and communities. Your guide to responsible tourism.","robots":{"index":"index","follow":"follow","max-snippet":"max-snippet:-1","max-image-preview":"max-image-preview:large","max-video-preview":"max-video-preview:-1"},"canonical":"https:\/\/mtp-tours.com\/en\/sustainable-tourism-in-portugal-traveling-with-a-conscience\/","og_locale":"en_US","og_type":"article","og_title":"Turismo Sustent\u00e1vel em Portugal \u2014 Viajar com Consci\u00eancia | Meet the Portuguese","og_description":"Como viajar de forma sustent\u00e1vel em Portugal: ve\u00edculos el\u00e9tricos, restaurantes locais, artesanato e comunidades. Guia para turismo respons\u00e1vel.","og_url":"https:\/\/mtp-tours.com\/en\/sustainable-tourism-in-portugal-traveling-with-a-conscience\/","og_site_name":"Meet the Portuguese","article_publisher":"https:\/\/www.facebook.com\/mtptours\/","article_published_time":"2026-01-26T19:04:59+00:00","article_modified_time":"2026-03-06T11:55:59+00:00","og_image":[{"width":2560,"height":1709,"url":"https:\/\/mtp-tours.com\/wp-content\/uploads\/2025\/11\/Douro-Portugal-scaled.jpg","type":"image\/jpeg"}],"author":"Nuno Ferreira","twitter_card":"summary_large_image","twitter_misc":{"Written by":"Nuno Ferreira","Est. reading time":"5 minutes"},"schema":{"@context":"https:\/\/schema.org","@graph":[{"@type":"Article","@id":"https:\/\/mtp-tours.com\/turismo-sustentavel-em-portugal-viajar-com-consciencia\/#article","isPartOf":{"@id":"https:\/\/mtp-tours.com\/turismo-sustentavel-em-portugal-viajar-com-consciencia\/"},"author":{"name":"Nuno Ferreira","@id":"https:\/\/mtp-tours.com\/#\/schema\/person\/1618d5054a26a048bf1c54a47e93e8f3"},"headline":"Turismo sustent\u00e1vel em Portugal: viajar com consci\u00eancia","datePublished":"2026-01-26T19:04:59+00:00","dateModified":"2026-03-06T11:55:59+00:00","mainEntityOfPage":{"@id":"https:\/\/mtp-tours.com\/turismo-sustentavel-em-portugal-viajar-com-consciencia\/"},"wordCount":738,"commentCount":0,"publisher":{"@id":"https:\/\/mtp-tours.com\/#organization"},"image":{"@id":"https:\/\/mtp-tours.com\/turismo-sustentavel-em-portugal-viajar-com-consciencia\/#primaryimage"},"thumbnailUrl":"https:\/\/mtp-tours.com\/wp-content\/uploads\/2025\/11\/Douro-Portugal-scaled.jpg","keywords":["sustentabilidade"],"articleSection":["Opini\u00e3o"],"inLanguage":"en-US","potentialAction":[{"@type":"CommentAction","name":"Comment","target":["https:\/\/mtp-tours.com\/turismo-sustentavel-em-portugal-viajar-com-consciencia\/#respond"]}]},{"@type":"WebPage","@id":"https:\/\/mtp-tours.com\/turismo-sustentavel-em-portugal-viajar-com-consciencia\/","url":"https:\/\/mtp-tours.com\/turismo-sustentavel-em-portugal-viajar-com-consciencia\/","name":"Sustainable Tourism in Portugal \u2014 Travel with Conscience | Meet the Portuguese","isPartOf":{"@id":"https:\/\/mtp-tours.com\/#website"},"primaryImageOfPage":{"@id":"https:\/\/mtp-tours.com\/turismo-sustentavel-em-portugal-viajar-com-consciencia\/#primaryimage"},"image":{"@id":"https:\/\/mtp-tours.com\/turismo-sustentavel-em-portugal-viajar-com-consciencia\/#primaryimage"},"thumbnailUrl":"https:\/\/mtp-tours.com\/wp-content\/uploads\/2025\/11\/Douro-Portugal-scaled.jpg","datePublished":"2026-01-26T19:04:59+00:00","dateModified":"2026-03-06T11:55:59+00:00","description":"How to travel sustainably in Portugal: electric vehicles, local restaurants, crafts and communities. Your guide to responsible tourism.","breadcrumb":{"@id":"https:\/\/mtp-tours.com\/turismo-sustentavel-em-portugal-viajar-com-consciencia\/#breadcrumb"},"inLanguage":"en-US","potentialAction":[{"@type":"ReadAction","target":["https:\/\/mtp-tours.com\/turismo-sustentavel-em-portugal-viajar-com-consciencia\/"]}]},{"@type":"ImageObject","inLanguage":"en-US","@id":"https:\/\/mtp-tours.com\/turismo-sustentavel-em-portugal-viajar-com-consciencia\/#primaryimage","url":"https:\/\/mtp-tours.com\/wp-content\/uploads\/2025\/11\/Douro-Portugal-scaled.jpg","contentUrl":"https:\/\/mtp-tours.com\/wp-content\/uploads\/2025\/11\/Douro-Portugal-scaled.jpg","width":2560,"height":1709},{"@type":"BreadcrumbList","@id":"https:\/\/mtp-tours.com\/turismo-sustentavel-em-portugal-viajar-com-consciencia\/#breadcrumb","itemListElement":[{"@type":"ListItem","position":1,"name":"In\u00edcio","item":"https:\/\/mtp-tours.com\/"},{"@type":"ListItem","position":2,"name":"Turismo sustent\u00e1vel em Portugal: viajar com consci\u00eancia"}]},{"@type":"WebSite","@id":"https:\/\/mtp-tours.com\/#website","url":"https:\/\/mtp-tours.com\/","name":"Meet the Portuguese","description":"Discover authentic Portugal with local guides. Private tours in Lisbon, Sintra, Alentejo, Arr\u00e1bida and more. Unique cultural and gastronomic experiences.","publisher":{"@id":"https:\/\/mtp-tours.com\/#organization"},"potentialAction":[{"@type":"SearchAction","target":{"@type":"EntryPoint","urlTemplate":"https:\/\/mtp-tours.com\/?s={search_term_string}"},"query-input":{"@type":"PropertyValueSpecification","valueRequired":true,"valueName":"search_term_string"}}],"inLanguage":"en-US"},{"@type":"Organization","@id":"https:\/\/mtp-tours.com\/#organization","name":"Meet the Portuguese","url":"https:\/\/mtp-tours.com\/","logo":{"@type":"ImageObject","inLanguage":"en-US","@id":"https:\/\/mtp-tours.com\/#\/schema\/logo\/image\/","url":"https:\/\/mtp-tours.com\/wp-content\/uploads\/2025\/11\/logo.png","contentUrl":"https:\/\/mtp-tours.com\/wp-content\/uploads\/2025\/11\/logo.png","width":600,"height":238,"caption":"Meet the Portuguese"},"image":{"@id":"https:\/\/mtp-tours.com\/#\/schema\/logo\/image\/"},"sameAs":["https:\/\/www.facebook.com\/mtptours\/","https:\/\/www.instagram.com\/mtptours","https:\/\/www.youtube.com\/@MeetthePortuguese","https:\/\/www.tiktok.com\/@mtptours","https:\/\/www.linkedin.com\/company\/mtp-tours\/"]},{"@type":"Person","@id":"https:\/\/mtp-tours.com\/#\/schema\/person\/1618d5054a26a048bf1c54a47e93e8f3","name":"Nuno Ferreira","image":{"@type":"ImageObject","inLanguage":"en-US","@id":"https:\/\/secure.gravatar.com\/avatar\/f967cab7e7664828e469077c2bd8664e1f8e9bf4bb43a9c8958acdc5cdb970a0?s=96&d=mm&r=g","url":"https:\/\/secure.gravatar.com\/avatar\/f967cab7e7664828e469077c2bd8664e1f8e9bf4bb43a9c8958acdc5cdb970a0?s=96&d=mm&r=g","contentUrl":"https:\/\/secure.gravatar.com\/avatar\/f967cab7e7664828e469077c2bd8664e1f8e9bf4bb43a9c8958acdc5cdb970a0?s=96&d=mm&r=g","caption":"Nuno Ferreira"}}]}},"_links":{"self":[{"href":"https:\/\/mtp-tours.com\/en\/wp-json\/wp\/v2\/posts\/23314","targetHints":{"allow":["GET"]}}],"collection":[{"href":"https:\/\/mtp-tours.com\/en\/wp-json\/wp\/v2\/posts"}],"about":[{"href":"https:\/\/mtp-tours.com\/en\/wp-json\/wp\/v2\/types\/post"}],"author":[{"embeddable":true,"href":"https:\/\/mtp-tours.com\/en\/wp-json\/wp\/v2\/users\/5"}],"replies":[{"embeddable":true,"href":"https:\/\/mtp-tours.com\/en\/wp-json\/wp\/v2\/comments?post=23314"}],"version-history":[{"count":5,"href":"https:\/\/mtp-tours.com\/en\/wp-json\/wp\/v2\/posts\/23314\/revisions"}],"predecessor-version":[{"id":23629,"href":"https:\/\/mtp-tours.com\/en\/wp-json\/wp\/v2\/posts\/23314\/revisions\/23629"}],"wp:featuredmedia":[{"embeddable":true,"href":"https:\/\/mtp-tours.com\/en\/wp-json\/wp\/v2\/media\/22656"}],"wp:attachment":[{"href":"https:\/\/mtp-tours.com\/en\/wp-json\/wp\/v2\/media?parent=23314"}],"wp:term":[{"taxonomy":"category","embeddable":true,"href":"https:\/\/mtp-tours.com\/en\/wp-json\/wp\/v2\/categories?post=23314"},{"taxonomy":"post_tag","embeddable":true,"href":"https:\/\/mtp-tours.com\/en\/wp-json\/wp\/v2\/tags?post=23314"}],"curies":[{"name":"wp","href":"https:\/\/api.w.org\/{rel}","templated":true}]}}